{"id":2282,"date":"2015-02-04T23:05:13","date_gmt":"2015-02-04T22:05:13","guid":{"rendered":"http:\/\/hopenmeteo.no\/?p=2282"},"modified":"2015-02-04T23:20:28","modified_gmt":"2015-02-04T22:20:28","slug":"mens-vi-venter-pa-sola-2","status":"publish","type":"post","link":"https:\/\/hopenmeteo.no\/?p=2282","title":{"rendered":"Mens vi venter p\u00e5 sola&#8230;.."},"content":{"rendered":"<p>M\u00f8rketida er p\u00e5 vikende front her p\u00e5 denne vakre \u00f8ya og dag for dag f\u00e5r vi tatt \u00f8yas severdige topper, skrenter og hav mer og mer. Isen kommer og g\u00e5r og med den, isbj\u00f8rn. Om 10 dager skal vi f\u00e5 se sola igjen og da blir det solfest p\u00e5 stasjonen. I mens nyter vi de vakre fargene p\u00e5 \u00f8st- og s\u00f8rhimmelen p\u00e5 formiddagene n\u00e5r v\u00e6rforholdene er gode nok<br \/>\n.<\/p>\n<p>&nbsp;<\/p>\n<dl id=\"attachment_2296\" class=\"wp-caption alignleft\" style=\"width: 310px;\">\n<dt class=\"wp-caption-dt\"><a href=\"https:\/\/hopenmeteo.no\/wp-content\/uploads\/2015\/02\/Sola-under-horisonten.jpg\"><img loading=\"lazy\" decoding=\"async\" class=\"size-medium wp-image-2296\" src=\"https:\/\/hopenmeteo.no\/wp-content\/uploads\/2015\/02\/Sola-under-horisonten-300x168.jpg\" alt=\"Sola er under horisonten. Foto: Bj\u00f8rn Ove Finseth\" width=\"300\" height=\"168\" srcset=\"https:\/\/hopenmeteo.no\/wp-content\/uploads\/2015\/02\/Sola-under-horisonten-300x168.jpg 300w, https:\/\/hopenmeteo.no\/wp-content\/uploads\/2015\/02\/Sola-under-horisonten-500x281.jpg 500w, https:\/\/hopenmeteo.no\/wp-content\/uploads\/2015\/02\/Sola-under-horisonten.jpg 800w\" sizes=\"auto, (max-width: 300px) 100vw, 300px\" \/><\/a><\/dt>\n<dd class=\"wp-caption-dd\">Sola er under horisonten. Foto: Bj\u00f8rn Ove Finseth<\/dd>\n<\/dl>\n<p>&nbsp;<\/p>\n<div id=\"attachment_2295\" style=\"width: 310px\" class=\"wp-caption alignleft\"><a href=\"https:\/\/hopenmeteo.no\/wp-content\/uploads\/2015\/02\/fc1a62e1275a655992a6243f82cb4a8c.jpg\"><img loading=\"lazy\" decoding=\"async\" aria-describedby=\"caption-attachment-2295\" class=\"size-medium wp-image-2295\" src=\"https:\/\/hopenmeteo.no\/wp-content\/uploads\/2015\/02\/fc1a62e1275a655992a6243f82cb4a8c-300x168.jpg\" alt=\"Nym\u00e5ne. Foto: Bj\u00f8rn Ove Finseth\" width=\"300\" height=\"168\" srcset=\"https:\/\/hopenmeteo.no\/wp-content\/uploads\/2015\/02\/fc1a62e1275a655992a6243f82cb4a8c-300x168.jpg 300w, https:\/\/hopenmeteo.no\/wp-content\/uploads\/2015\/02\/fc1a62e1275a655992a6243f82cb4a8c-500x281.jpg 500w, https:\/\/hopenmeteo.no\/wp-content\/uploads\/2015\/02\/fc1a62e1275a655992a6243f82cb4a8c.jpg 800w\" sizes=\"auto, (max-width: 300px) 100vw, 300px\" \/><\/a><p id=\"caption-attachment-2295\" class=\"wp-caption-text\">Nym\u00e5ne<br \/>\n. Foto: Bj\u00f8rn Ove Finseth<\/p><\/div>\n<div id=\"attachment_2283\" style=\"width: 310px\" class=\"wp-caption alignleft\"><a href=\"https:\/\/hopenmeteo.no\/wp-content\/uploads\/2015\/02\/252781a6104cb4915738d10bca4a5ec3.jpg\"><img loading=\"lazy\" decoding=\"async\" aria-describedby=\"caption-attachment-2283\" class=\"size-medium wp-image-2283\" src=\"https:\/\/hopenmeteo.no\/wp-content\/uploads\/2015\/02\/252781a6104cb4915738d10bca4a5ec3-300x168.jpg\" alt=\"Fullm\u00e5ne over Knulterodden. Foto: Bj\u00f8rn Ove Finseth\" width=\"300\" height=\"168\" srcset=\"https:\/\/hopenmeteo.no\/wp-content\/uploads\/2015\/02\/252781a6104cb4915738d10bca4a5ec3-300x168.jpg 300w, https:\/\/hopenmeteo.no\/wp-content\/uploads\/2015\/02\/252781a6104cb4915738d10bca4a5ec3-500x281.jpg 500w, https:\/\/hopenmeteo.no\/wp-content\/uploads\/2015\/02\/252781a6104cb4915738d10bca4a5ec3.jpg 800w\" sizes=\"auto, (max-width: 300px) 100vw, 300px\" \/><\/a><p id=\"caption-attachment-2283\" class=\"wp-caption-text\">Fullm\u00e5ne over Knulterodden. Foto: Bj\u00f8rn Ove Finseth<\/p><\/div>\n<div id=\"attachment_2294\" style=\"width: 310px\" class=\"wp-caption alignleft\"><a href=\"https:\/\/hopenmeteo.no\/wp-content\/uploads\/2015\/02\/89e68ec6fb1ec426f2f6c20812099a2f.jpg\"><img loading=\"lazy\" decoding=\"async\" aria-describedby=\"caption-attachment-2294\" class=\"size-medium wp-image-2294\" src=\"https:\/\/hopenmeteo.no\/wp-content\/uploads\/2015\/02\/89e68ec6fb1ec426f2f6c20812099a2f-300x168.jpg\" alt=\"Kr\u00e6kling koser seg i huset sitt \n. Foto: Bj\u00f8rn Ove Finseth\" width=\"300\" height=\"168\" srcset=\"https:\/\/hopenmeteo.no\/wp-content\/uploads\/2015\/02\/89e68ec6fb1ec426f2f6c20812099a2f-300x168.jpg 300w, https:\/\/hopenmeteo.no\/wp-content\/uploads\/2015\/02\/89e68ec6fb1ec426f2f6c20812099a2f-500x281.jpg 500w, https:\/\/hopenmeteo.no\/wp-content\/uploads\/2015\/02\/89e68ec6fb1ec426f2f6c20812099a2f.jpg 800w\" sizes=\"auto, (max-width: 300px) 100vw, 300px\" \/><\/a><p id=\"caption-attachment-2294\" class=\"wp-caption-text\">Kr\u00e6kling koser seg i huset sitt. Foto: Bj\u00f8rn Ove Finseth<\/p><\/div>\n<p>&nbsp;<\/p>\n<p>&nbsp;<\/p>\n<p>&nbsp;<\/p>\n<p>&nbsp;<\/p>\n<p>&nbsp;<\/p>\n<p>&nbsp;<\/p>\n<p>&nbsp;<\/p>\n<p>&nbsp;<\/p>\n<p>&nbsp;<\/p>\n<p>&nbsp;<\/p>\n<p>&nbsp;<\/p>\n<p>&nbsp;<\/p>\n<p>&nbsp;<\/p>\n<p>&nbsp;<\/p>\n<p>&nbsp;<\/p>\n<p>&nbsp;<\/p>\n<p>&nbsp;<\/p>\n<p>&nbsp;<\/p>\n<p>&nbsp;<\/p>\n<p>&nbsp;<\/p>\n<p>&nbsp;<\/p>\n<p>&nbsp;<\/p>\n<p>&nbsp;<\/p>\n<p>N\u00e5r v\u00e6ret gir mulighet for det, pr\u00f8ver vi \u00e5 komme oss ut. En dag gikk tre av oss opp p\u00e5 Werenskiold. P\u00e5 veien krysset en isbj\u00f8rn et stykke foran oss men den forsvant over til vestsida av \u00f8ya. Utrolig flott utsikt opp der p\u00e5 vinters tid ogs\u00e5. Opp\u00e5 selve toppen var det litt t\u00e5ke.<\/p>\n<div id=\"attachment_2293\" style=\"width: 310px\" class=\"wp-caption alignleft\"><a href=\"https:\/\/hopenmeteo.no\/wp-content\/uploads\/2015\/02\/Iversen-og-Kofoedodden.jpg\"><img loading=\"lazy\" decoding=\"async\" aria-describedby=\"caption-attachment-2293\" class=\"size-medium wp-image-2293\" src=\"https:\/\/hopenmeteo.no\/wp-content\/uploads\/2015\/02\/Iversen-og-Kofoedodden-300x168.jpg\" alt=\"Iversenfjellet og Kofoedodden sett fra \u00f8stsida av Werenskioldfjellet. Foto: Bj\u00f8rn Ove Finseth \" width=\"300\" height=\"168\" srcset=\"https:\/\/hopenmeteo.no\/wp-content\/uploads\/2015\/02\/Iversen-og-Kofoedodden-300x168.jpg 300w, https:\/\/hopenmeteo.no\/wp-content\/uploads\/2015\/02\/Iversen-og-Kofoedodden-500x281.jpg 500w, https:\/\/hopenmeteo.no\/wp-content\/uploads\/2015\/02\/Iversen-og-Kofoedodden.jpg 800w\" sizes=\"auto, (max-width: 300px) 100vw, 300px\" \/><\/a><p id=\"caption-attachment-2293\" class=\"wp-caption-text\">Iversenfjellet og Kofoedodden sett fra \u00f8stsida av Werenskioldfjellet. Foto: Bj\u00f8rn Ove Finseth<\/p><\/div>\n<div id=\"attachment_2285\" style=\"width: 310px\" class=\"wp-caption alignleft\"><a href=\"https:\/\/hopenmeteo.no\/wp-content\/uploads\/2015\/02\/207806286ab35ac4c0e1905e8247f294.jpg\"><img loading=\"lazy\" decoding=\"async\" aria-describedby=\"caption-attachment-2285\" class=\"size-medium wp-image-2285\" src=\"https:\/\/hopenmeteo.no\/wp-content\/uploads\/2015\/02\/207806286ab35ac4c0e1905e8247f294-300x168.jpg\" alt=\"Gutta p\u00e5 tur p\u00e5 Werenskiold. Foto: Bj\u00f8rn Ove Finseth\" width=\"300\" height=\"168\" srcset=\"https:\/\/hopenmeteo.no\/wp-content\/uploads\/2015\/02\/207806286ab35ac4c0e1905e8247f294-300x168.jpg 300w, https:\/\/hopenmeteo.no\/wp-content\/uploads\/2015\/02\/207806286ab35ac4c0e1905e8247f294-500x281.jpg 500w, https:\/\/hopenmeteo.no\/wp-content\/uploads\/2015\/02\/207806286ab35ac4c0e1905e8247f294.jpg 800w\" sizes=\"auto, (max-width: 300px) 100vw, 300px\" \/><\/a><p id=\"caption-attachment-2285\" class=\"wp-caption-text\">Gutta p\u00e5 tur p\u00e5 Werenskiold. Foto: Bj\u00f8rn Ove Finseth<\/p><\/div>\n<p>&nbsp;<\/p>\n<p>&nbsp;<\/p>\n<p>&nbsp;<\/p>\n<p>&nbsp;<\/p>\n<p>&nbsp;<\/p>\n<p>&nbsp;<\/p>\n<p>&nbsp;<\/p>\n<p>&nbsp;<\/p>\n<p>&nbsp;<\/p>\n<p>&nbsp;<\/p>\n<p>&nbsp;<\/p>\n<p>&nbsp;<\/p>\n<p>Ellers g\u00e5r tiden med til \u00e5 ta i mot bes\u00f8k av isbj\u00f8rn. Etter at den f\u00f8rste viste seg opp mot jul har vi hatt bes\u00f8k rett som det er. I det siste omtrent annenhver dag. I dag fikk vi bes\u00f8k av ei isbj\u00f8rnbinne med en to \u00e5r gammel unge som ville ut p\u00e5 isen som hadde lagt seg i l\u00f8pet av natta. Det var et\u00a0tynt islag inne ved land som ble litt problematisk for ungen spesielt. Til slutt klarte de \u00e5 komme seg ut p\u00e5 isen og forsvant \u00f8stover.<\/p>\n<div id=\"attachment_2286\" style=\"width: 310px\" class=\"wp-caption alignleft\"><a href=\"https:\/\/hopenmeteo.no\/wp-content\/uploads\/2015\/02\/fb12a75d27a33f1465bf07a42f2cc2f1.jpg\"><img loading=\"lazy\" decoding=\"async\" aria-describedby=\"caption-attachment-2286\" class=\"size-medium wp-image-2286\" src=\"https:\/\/hopenmeteo.no\/wp-content\/uploads\/2015\/02\/fb12a75d27a33f1465bf07a42f2cc2f1-300x168.jpg\" alt=\"Foto: Bj\u00f8rn Ove Finseth\" width=\"300\" height=\"168\" srcset=\"https:\/\/hopenmeteo.no\/wp-content\/uploads\/2015\/02\/fb12a75d27a33f1465bf07a42f2cc2f1-300x168.jpg 300w, https:\/\/hopenmeteo.no\/wp-content\/uploads\/2015\/02\/fb12a75d27a33f1465bf07a42f2cc2f1-500x281.jpg 500w, https:\/\/hopenmeteo.no\/wp-content\/uploads\/2015\/02\/fb12a75d27a33f1465bf07a42f2cc2f1.jpg 800w\" sizes=\"auto, (max-width: 300px) 100vw, 300px\" \/><\/a><p id=\"caption-attachment-2286\" class=\"wp-caption-text\">Foto: Bj\u00f8rn Ove Finseth<\/p><\/div>\n<div id=\"attachment_2288\" style=\"width: 310px\" class=\"wp-caption alignleft\"><a href=\"https:\/\/hopenmeteo.no\/wp-content\/uploads\/2015\/02\/e95b4989e7dca9be1f16596400ad5aab.jpg\"><img loading=\"lazy\" decoding=\"async\" aria-describedby=\"caption-attachment-2288\" class=\"size-medium wp-image-2288\" src=\"https:\/\/hopenmeteo.no\/wp-content\/uploads\/2015\/02\/e95b4989e7dca9be1f16596400ad5aab-300x168.jpg\" alt=\"De slet begge med \u00e5 komme seg ut p\u00e5 tykkere is \n. Mora la ut bakbeina for \u00e5 fordele trykket p\u00e5 et st\u00f8rre omr\u00e5de og klarte \u00e5 komme seg ut raskere enn ungen. Foto: Bj\u00f8rn Ove Finseth\" width=\"300\" height=\"168\" srcset=\"https:\/\/hopenmeteo.no\/wp-content\/uploads\/2015\/02\/e95b4989e7dca9be1f16596400ad5aab-300x168.jpg 300w, https:\/\/hopenmeteo.no\/wp-content\/uploads\/2015\/02\/e95b4989e7dca9be1f16596400ad5aab-500x281.jpg 500w, https:\/\/hopenmeteo.no\/wp-content\/uploads\/2015\/02\/e95b4989e7dca9be1f16596400ad5aab.jpg 800w\" sizes=\"auto, (max-width: 300px) 100vw, 300px\" \/><\/a><p id=\"caption-attachment-2288\" class=\"wp-caption-text\">De slet begge med \u00e5 komme seg ut p\u00e5 tykkere is<br \/>\n. Mora la ut bakbeina for \u00e5 fordele trykket p\u00e5 et st\u00f8rre omr\u00e5de og klarte \u00e5 komme seg ut raskere enn ungen. Foto: Bj\u00f8rn Ove Finseth<\/p><\/div>\n<div id=\"attachment_2292\" style=\"width: 310px\" class=\"wp-caption alignleft\"><a href=\"https:\/\/hopenmeteo.no\/wp-content\/uploads\/2015\/02\/e230eaba5e543f3d45c83cf964994491.jpg\"><img loading=\"lazy\" decoding=\"async\" aria-describedby=\"caption-attachment-2292\" class=\"size-medium wp-image-2292\" src=\"https:\/\/hopenmeteo.no\/wp-content\/uploads\/2015\/02\/e230eaba5e543f3d45c83cf964994491-300x168.jpg\" alt=\"Isbj\u00f8rnbinne og unge p\u00e5 isen. Foto: Bj\u00f8rn Ove Finseth\" width=\"300\" height=\"168\" srcset=\"https:\/\/hopenmeteo.no\/wp-content\/uploads\/2015\/02\/e230eaba5e543f3d45c83cf964994491-300x168.jpg 300w, https:\/\/hopenmeteo.no\/wp-content\/uploads\/2015\/02\/e230eaba5e543f3d45c83cf964994491-500x281.jpg 500w, https:\/\/hopenmeteo.no\/wp-content\/uploads\/2015\/02\/e230eaba5e543f3d45c83cf964994491.jpg 800w\" sizes=\"auto, (max-width: 300px) 100vw, 300px\" \/><\/a><p id=\"caption-attachment-2292\" class=\"wp-caption-text\">Isbj\u00f8rnbinne og unge p\u00e5 isen. Foto: Bj\u00f8rn Ove Finseth<\/p><\/div>\n<div id=\"attachment_2287\" style=\"width: 310px\" class=\"wp-caption alignleft\"><a href=\"https:\/\/hopenmeteo.no\/wp-content\/uploads\/2015\/02\/76c958a863e7879745510901fdbd3af0.jpg\"><img loading=\"lazy\" decoding=\"async\" aria-describedby=\"caption-attachment-2287\" class=\"size-medium wp-image-2287\" src=\"https:\/\/hopenmeteo.no\/wp-content\/uploads\/2015\/02\/76c958a863e7879745510901fdbd3af0-300x168.jpg\" alt=\"Foto: Bj\u00f8rn Ove Finseth\" width=\"300\" height=\"168\" srcset=\"https:\/\/hopenmeteo.no\/wp-content\/uploads\/2015\/02\/76c958a863e7879745510901fdbd3af0-300x168.jpg 300w, https:\/\/hopenmeteo.no\/wp-content\/uploads\/2015\/02\/76c958a863e7879745510901fdbd3af0-500x281.jpg 500w, https:\/\/hopenmeteo.no\/wp-content\/uploads\/2015\/02\/76c958a863e7879745510901fdbd3af0.jpg 800w\" sizes=\"auto, (max-width: 300px) 100vw, 300px\" \/><\/a><p id=\"caption-attachment-2287\" class=\"wp-caption-text\">Foto: Bj\u00f8rn Ove Finseth<\/p><\/div>\n<p>&nbsp;<\/p>\n<p>&nbsp;<\/p>\n<p>&nbsp;<\/p>\n<p>&nbsp;<\/p>\n<p>&nbsp;<\/p>\n<p>&nbsp;<\/p>\n<p>&nbsp;<\/p>\n<p>&nbsp;<\/p>\n<p>&nbsp;<\/p>\n<p>&nbsp;<\/p>\n<p>&nbsp;<\/p>\n<p>&nbsp;<\/p>\n<p>&nbsp;<\/p>\n<p>&nbsp;<\/p>\n<p>&nbsp;<\/p>\n<p>&nbsp;<\/p>\n<p>&nbsp;<\/p>\n<p>&nbsp;<\/p>\n<p>&nbsp;<\/p>\n<p>&nbsp;<\/p>\n<p>&nbsp;<\/p>\n<p>&nbsp;<\/p>\n<p>&nbsp;<\/p>\n<p>&nbsp;<\/p>\n<p>Senere p\u00e5 dagen kom det en stor hannbj\u00f8rn vandrende inn p\u00e5 stasjonen mellom verkstedet og kaldtlageret. Det ble litt fotografering f\u00f8r den ble beh\u00f8rig skremt vekk med knallskudd. Senere p\u00e5 ettermiddagen kom den tilbake p\u00e5 oversia av huset. Kokken gikk da inn etter to grytelokk som han slo sammen til en metallisk, h\u00f8y lyd og da fikk bamsen fart p\u00e5 seg og siden har vi ikke sett den.<\/p>\n<div id=\"attachment_2289\" style=\"width: 310px\" class=\"wp-caption alignleft\"><a href=\"https:\/\/hopenmeteo.no\/wp-content\/uploads\/2015\/02\/bff20690e59bc16a62fa0100f1fc6025.jpg\"><img loading=\"lazy\" decoding=\"async\" aria-describedby=\"caption-attachment-2289\" class=\"size-medium wp-image-2289\" src=\"https:\/\/hopenmeteo.no\/wp-content\/uploads\/2015\/02\/bff20690e59bc16a62fa0100f1fc6025-300x168.jpg\" alt=\"Plutselig stod den en stor hannbj\u00f8rn mellom verkstedet og kaldlageret. Staselig rugg. Foto: Bj\u00f8rn Ove Finseth\" width=\"300\" height=\"168\" srcset=\"https:\/\/hopenmeteo.no\/wp-content\/uploads\/2015\/02\/bff20690e59bc16a62fa0100f1fc6025-300x168.jpg 300w, https:\/\/hopenmeteo.no\/wp-content\/uploads\/2015\/02\/bff20690e59bc16a62fa0100f1fc6025-500x281.jpg 500w, https:\/\/hopenmeteo.no\/wp-content\/uploads\/2015\/02\/bff20690e59bc16a62fa0100f1fc6025.jpg 800w\" sizes=\"auto, (max-width: 300px) 100vw, 300px\" \/><\/a><p id=\"caption-attachment-2289\" class=\"wp-caption-text\">Plutselig stod den en stor hannbj\u00f8rn mellom verkstedet og kaldlageret. Staselig rugg. Foto: Bj\u00f8rn Ove Finseth<\/p><\/div>\n<div id=\"attachment_2290\" style=\"width: 310px\" class=\"wp-caption alignleft\"><a href=\"https:\/\/hopenmeteo.no\/wp-content\/uploads\/2015\/02\/0995707ed2b8c89c40012a696695652f.jpg\"><img loading=\"lazy\" decoding=\"async\" aria-describedby=\"caption-attachment-2290\" class=\"size-medium wp-image-2290\" src=\"https:\/\/hopenmeteo.no\/wp-content\/uploads\/2015\/02\/0995707ed2b8c89c40012a696695652f-300x168.jpg\" alt=\"Den fant ut at det var best \u00e5 komme seg ut av stasjonsg\u00e5rdsplassen. Kort tid etterp\u00e5 ble den skremt vekk med knallskudd. Foto: Bj\u00f8rn Ove Finseth \" width=\"300\" height=\"168\" srcset=\"https:\/\/hopenmeteo.no\/wp-content\/uploads\/2015\/02\/0995707ed2b8c89c40012a696695652f-300x168.jpg 300w, https:\/\/hopenmeteo.no\/wp-content\/uploads\/2015\/02\/0995707ed2b8c89c40012a696695652f-500x281.jpg 500w, https:\/\/hopenmeteo.no\/wp-content\/uploads\/2015\/02\/0995707ed2b8c89c40012a696695652f.jpg 800w\" sizes=\"auto, (max-width: 300px) 100vw, 300px\" \/><\/a><p id=\"caption-attachment-2290\" class=\"wp-caption-text\">Den fant ut at det var best \u00e5 komme seg ut av stasjonsg\u00e5rdsplassen. Kort tid etterp\u00e5 ble den skremt vekk med knallskudd. Foto: Bj\u00f8rn Ove Finseth<\/p><\/div>\n<div id=\"attachment_2291\" style=\"width: 310px\" class=\"wp-caption alignleft\"><a href=\"https:\/\/hopenmeteo.no\/wp-content\/uploads\/2015\/02\/8ae66219724604f6702b7d4af1ac31df.jpg\"><img loading=\"lazy\" decoding=\"async\" aria-describedby=\"caption-attachment-2291\" class=\"size-medium wp-image-2291\" src=\"https:\/\/hopenmeteo.no\/wp-content\/uploads\/2015\/02\/8ae66219724604f6702b7d4af1ac31df-300x168.jpg\" alt=\"Her er han nedenfor snekkerverkstedet og skuler opp p\u00e5 oss. Foto: Bj\u00f8rn Ove Finseth\" width=\"300\" height=\"168\" srcset=\"https:\/\/hopenmeteo.no\/wp-content\/uploads\/2015\/02\/8ae66219724604f6702b7d4af1ac31df-300x168.jpg 300w, https:\/\/hopenmeteo.no\/wp-content\/uploads\/2015\/02\/8ae66219724604f6702b7d4af1ac31df-500x281.jpg 500w, https:\/\/hopenmeteo.no\/wp-content\/uploads\/2015\/02\/8ae66219724604f6702b7d4af1ac31df.jpg 800w\" sizes=\"auto, (max-width: 300px) 100vw, 300px\" \/><\/a><p id=\"caption-attachment-2291\" class=\"wp-caption-text\">Her er han nedenfor snekkerverkstedet og skuler opp p\u00e5 oss. Foto: Bj\u00f8rn Ove Finseth<\/p><\/div>\n","protected":false},"excerpt":{"rendered":"<p>M\u00f8rketida er p\u00e5 vikende front her p\u00e5 denne vakre \u00f8ya og dag for dag f\u00e5r vi tatt \u00f8yas severdige topper, skrenter og hav mer og mer. Isen kommer og g\u00e5r og med den, isbj\u00f8rn. Om 10 dager skal vi f\u00e5 se sola igjen og da blir det solfest p\u00e5 stasjonen. I mens nyter vi de vakre fargene p\u00e5 \u00f8st- og s\u00f8rhimmelen p\u00e5 formiddagene n\u00e5r v\u00e6rforholdene er gode nok . &nbsp; Sola er under horisonten. Foto: Bj\u00f8rn Ove Finseth &nbsp; &nbsp; &nbsp; &nbsp; &nbsp; &nbsp; &nbsp; &nbsp; &nbsp; &nbsp; &nbsp; &nbsp; &nbsp; &nbsp; &nbsp; &nbsp; &nbsp; &nbsp; &nbsp; &nbsp; &nbsp; &nbsp; &nbsp; &nbsp; N\u00e5r v\u00e6ret gir mulighet for det, pr\u00f8ver vi &hellip; <a href=\"https:\/\/hopenmeteo.no\/?p=2282\">Les videre <span class=\"meta-nav\">&rarr;<\/span><\/a><\/p>\n","protected":false},"author":2,"featured_media":0,"comment_status":"open","ping_status":"open","sticky":false,"template":"","format":"standard","meta":{"footnotes":""},"categories":[3],"tags":[],"class_list":["post-2282","post","type-post","status-publish","format-standard","hentry","category-nyheter-fra-hopen"],"_links":{"self":[{"href":"https:\/\/hopenmeteo.no\/index.php?rest_route=\/wp\/v2\/posts\/2282","targetHints":{"allow":["GET"]}}],"collection":[{"href":"https:\/\/hopenmeteo.no\/index.php?rest_route=\/wp\/v2\/posts"}],"about":[{"href":"https:\/\/hopenmeteo.no\/index.php?rest_route=\/wp\/v2\/types\/post"}],"author":[{"embeddable":true,"href":"https:\/\/hopenmeteo.no\/index.php?rest_route=\/wp\/v2\/users\/2"}],"replies":[{"embeddable":true,"href":"https:\/\/hopenmeteo.no\/index.php?rest_route=%2Fwp%2Fv2%2Fcomments&post=2282"}],"version-history":[{"count":4,"href":"https:\/\/hopenmeteo.no\/index.php?rest_route=\/wp\/v2\/posts\/2282\/revisions"}],"predecessor-version":[{"id":2300,"href":"https:\/\/hopenmeteo.no\/index.php?rest_route=\/wp\/v2\/posts\/2282\/revisions\/2300"}],"wp:attachment":[{"href":"https:\/\/hopenmeteo.no\/index.php?rest_route=%2Fwp%2Fv2%2Fmedia&parent=2282"}],"wp:term":[{"taxonomy":"category","embeddable":true,"href":"https:\/\/hopenmeteo.no\/index.php?rest_route=%2Fwp%2Fv2%2Fcategories&post=2282"},{"taxonomy":"post_tag","embeddable":true,"href":"https:\/\/hopenmeteo.no\/index.php?rest_route=%2Fwp%2Fv2%2Ftags&post=2282"}],"curies":[{"name":"wp","href":"https:\/\/api.w.org\/{rel}","templated":true}]}}