{"id":2317,"date":"2015-02-09T09:10:16","date_gmt":"2015-02-09T08:10:16","guid":{"rendered":"http:\/\/hopenmeteo.no\/?p=2317"},"modified":"2015-02-09T09:10:16","modified_gmt":"2015-02-09T08:10:16","slug":"feiring-av-morsdag-og-nye-forsyninger","status":"publish","type":"post","link":"https:\/\/hopenmeteo.no\/?p=2317","title":{"rendered":"Feiring av morsdag og nye forsyninger"},"content":{"rendered":"<p>Morsdagen ble feiret ogs\u00e5 p\u00e5 Hopen, selv om det ikke er noen m\u00f8dre til stede p\u00e5 \u00f8ya i disse dager. Vi feiret allikevel v\u00e5re kj\u00f8re m\u00f8dre med ei tradisjonell morsdagskake &#8211; romkake.<\/p>\n<div id=\"attachment_2319\" style=\"width: 310px\" class=\"wp-caption alignleft\"><a href=\"https:\/\/hopenmeteo.no\/wp-content\/uploads\/2015\/02\/Morsdagskake.jpg\"><img loading=\"lazy\" decoding=\"async\" aria-describedby=\"caption-attachment-2319\" class=\"wp-image-2319 size-medium\" src=\"https:\/\/hopenmeteo.no\/wp-content\/uploads\/2015\/02\/Morsdagskake-300x168.jpg\" alt=\"Morsdagskaka var av typen Romkake og den falt i smak. Foto: Bj\u00f8rn Ove Finseth\" width=\"300\" height=\"168\" srcset=\"https:\/\/hopenmeteo.no\/wp-content\/uploads\/2015\/02\/Morsdagskake-300x168.jpg 300w, https:\/\/hopenmeteo.no\/wp-content\/uploads\/2015\/02\/Morsdagskake-500x281.jpg 500w, https:\/\/hopenmeteo.no\/wp-content\/uploads\/2015\/02\/Morsdagskake.jpg 800w\" sizes=\"auto, (max-width: 300px) 100vw, 300px\" \/><\/a><p id=\"caption-attachment-2319\" class=\"wp-caption-text\">Morsdagskaka var av typen Romkake og den falt i smak. Foto: Bj\u00f8rn Ove Finseth<\/p><\/div>\n<div id=\"attachment_2320\" style=\"width: 310px\" class=\"wp-caption alignleft\"><a href=\"https:\/\/hopenmeteo.no\/wp-content\/uploads\/2015\/02\/Morsdagskakekroken.jpg\"><img loading=\"lazy\" decoding=\"async\" aria-describedby=\"caption-attachment-2320\" class=\"size-medium wp-image-2320\" src=\"https:\/\/hopenmeteo.no\/wp-content\/uploads\/2015\/02\/Morsdagskakekroken-300x168.jpg\" alt=\"Gjengen koste seg med morsdagskake \n. Foto: Bj\u00f8rn Ove Finseth\" width=\"300\" height=\"168\" srcset=\"https:\/\/hopenmeteo.no\/wp-content\/uploads\/2015\/02\/Morsdagskakekroken-300x168.jpg 300w, https:\/\/hopenmeteo.no\/wp-content\/uploads\/2015\/02\/Morsdagskakekroken-500x281.jpg 500w, https:\/\/hopenmeteo.no\/wp-content\/uploads\/2015\/02\/Morsdagskakekroken.jpg 800w\" sizes=\"auto, (max-width: 300px) 100vw, 300px\" \/><\/a><p id=\"caption-attachment-2320\" class=\"wp-caption-text\">Gjengen koste seg med morsdagskake.\u00a0\u00a0\u00a0\u00a0\u00a0\u00a0\u00a0\u00a0\u00a0\u00a0\u00a0\u00a0\u00a0 Foto: Bj\u00f8rn Ove Finseth<\/p><\/div>\n<p>&nbsp;<\/p>\n<p>&nbsp;<\/p>\n<p>&nbsp;<\/p>\n<p>&nbsp;<\/p>\n<p>&nbsp;<\/p>\n<p>&nbsp;<\/p>\n<p>&nbsp;<\/p>\n<p>&nbsp;<\/p>\n<p>&nbsp;<\/p>\n<p>&nbsp;<\/p>\n<p>&nbsp;<\/p>\n<p>&nbsp;<\/p>\n<p>I forbindelse med at vi fikk av H.M. Dronning Sonja p\u00e5 fredag <a title=\"Trivelig bes\u00f8k av H.M. Dronning Sonja p\u00e5 Hopen\" href=\"https:\/\/hopenmeteo.no\/?p=2301\" target=\"_blank\">(se nyhetssaken fra fredag<\/a>), ble det ogs\u00e5 plass til noe post og ferske matvarer. Vi hadde bare noen f\u00e5 appelsiner og gulr\u00f8tter igjen s\u00e5 det ble veldig godt \u00e5 f\u00e5 sette tenna i et spr\u00f8tt og saftig eple igjen. Med p\u00e5 lasset var et utvalg av gode oster som ble beh\u00f8rig dandert p\u00e5 stuebordet l\u00f8rdag kveld og med god drikke til s\u00e5 ble det en h\u00f8ytidsstund for besetningen.<\/p>\n<div id=\"attachment_2321\" style=\"width: 310px\" class=\"wp-caption alignleft\"><a href=\"https:\/\/hopenmeteo.no\/wp-content\/uploads\/2015\/02\/Ostebord.jpg\"><img loading=\"lazy\" decoding=\"async\" aria-describedby=\"caption-attachment-2321\" class=\"size-medium wp-image-2321\" src=\"https:\/\/hopenmeteo.no\/wp-content\/uploads\/2015\/02\/Ostebord-300x168.jpg\" alt=\"Klar for ostefest. Foto: Bj\u00f8rn Ove Finseth\" width=\"300\" height=\"168\" srcset=\"https:\/\/hopenmeteo.no\/wp-content\/uploads\/2015\/02\/Ostebord-300x168.jpg 300w, https:\/\/hopenmeteo.no\/wp-content\/uploads\/2015\/02\/Ostebord-500x281.jpg 500w, https:\/\/hopenmeteo.no\/wp-content\/uploads\/2015\/02\/Ostebord.jpg 800w\" sizes=\"auto, (max-width: 300px) 100vw, 300px\" \/><\/a><p id=\"caption-attachment-2321\" class=\"wp-caption-text\">Klar for ostefest. Foto: Bj\u00f8rn Ove Finseth<\/p><\/div>\n<div id=\"attachment_2322\" style=\"width: 310px\" class=\"wp-caption alignleft\"><a href=\"https:\/\/hopenmeteo.no\/wp-content\/uploads\/2015\/02\/3a2080d83639bc827b837c466141ebac.jpg\"><img loading=\"lazy\" decoding=\"async\" aria-describedby=\"caption-attachment-2322\" class=\"size-medium wp-image-2322\" src=\"https:\/\/hopenmeteo.no\/wp-content\/uploads\/2015\/02\/3a2080d83639bc827b837c466141ebac-300x168.jpg\" alt=\"Ragnar og Tom Erik er klar for ostefest. Foto: Bj\u00f8rn Ove Finseth\" width=\"300\" height=\"168\" srcset=\"https:\/\/hopenmeteo.no\/wp-content\/uploads\/2015\/02\/3a2080d83639bc827b837c466141ebac-300x168.jpg 300w, https:\/\/hopenmeteo.no\/wp-content\/uploads\/2015\/02\/3a2080d83639bc827b837c466141ebac-500x281.jpg 500w, https:\/\/hopenmeteo.no\/wp-content\/uploads\/2015\/02\/3a2080d83639bc827b837c466141ebac.jpg 800w\" sizes=\"auto, (max-width: 300px) 100vw, 300px\" \/><\/a><p id=\"caption-attachment-2322\" class=\"wp-caption-text\">Ragnar og Tom Erik er klar for ostefest.\u00a0\u00a0\u00a0\u00a0\u00a0\u00a0\u00a0\u00a0\u00a0\u00a0\u00a0 Foto: Bj\u00f8rn Ove Finseth<\/p><\/div>\n<p>&nbsp;<\/p>\n<div id=\"attachment_2318\" style=\"width: 310px\" class=\"wp-caption alignleft\"><a href=\"https:\/\/hopenmeteo.no\/wp-content\/uploads\/2015\/02\/f66cd7266914c64fe1c0e721bfd4d2b0.jpg\"><img loading=\"lazy\" decoding=\"async\" aria-describedby=\"caption-attachment-2318\" class=\"size-medium wp-image-2318\" src=\"https:\/\/hopenmeteo.no\/wp-content\/uploads\/2015\/02\/f66cd7266914c64fe1c0e721bfd4d2b0-300x168.jpg\" alt=\"Haftor er klar for ostefest. Foto: Bj\u00f8rn Ove Finseth\" width=\"300\" height=\"168\" srcset=\"https:\/\/hopenmeteo.no\/wp-content\/uploads\/2015\/02\/f66cd7266914c64fe1c0e721bfd4d2b0-300x168.jpg 300w, https:\/\/hopenmeteo.no\/wp-content\/uploads\/2015\/02\/f66cd7266914c64fe1c0e721bfd4d2b0-500x281.jpg 500w, https:\/\/hopenmeteo.no\/wp-content\/uploads\/2015\/02\/f66cd7266914c64fe1c0e721bfd4d2b0.jpg 800w\" sizes=\"auto, (max-width: 300px) 100vw, 300px\" \/><\/a><p id=\"caption-attachment-2318\" class=\"wp-caption-text\">Haftor er klar for ostefest<br \/>\n. Foto: Bj\u00f8rn Ove Finseth<\/p><\/div>\n<p>&nbsp;<\/p>\n<p>&nbsp;<\/p>\n<p>&nbsp;<\/p>\n<p>&nbsp;<\/p>\n<p>&nbsp;<\/p>\n<p>&nbsp;<\/p>\n<p>&nbsp;<\/p>\n","protected":false},"excerpt":{"rendered":"<p>Morsdagen ble feiret ogs\u00e5 p\u00e5 Hopen, selv om det ikke er noen m\u00f8dre til stede p\u00e5 \u00f8ya i disse dager. Vi feiret allikevel v\u00e5re kj\u00f8re m\u00f8dre med ei tradisjonell morsdagskake &#8211; romkake. &nbsp; &nbsp; &nbsp; &nbsp; &nbsp; &nbsp; &nbsp; &nbsp; &nbsp; &nbsp; &nbsp; &nbsp; I forbindelse med at vi fikk av H.M. Dronning Sonja p\u00e5 fredag (se nyhetssaken fra fredag), ble det ogs\u00e5 plass til noe post og ferske matvarer. Vi hadde bare noen f\u00e5 appelsiner og gulr\u00f8tter igjen s\u00e5 det ble veldig godt \u00e5 f\u00e5 sette tenna i et spr\u00f8tt og saftig eple igjen. Med p\u00e5 lasset var et utvalg av gode oster som ble beh\u00f8rig dandert p\u00e5 stuebordet &hellip; <a href=\"https:\/\/hopenmeteo.no\/?p=2317\">Les videre <span class=\"meta-nav\">&rarr;<\/span><\/a><\/p>\n","protected":false},"author":2,"featured_media":0,"comment_status":"open","ping_status":"open","sticky":false,"template":"","format":"standard","meta":{"footnotes":""},"categories":[3],"tags":[],"class_list":["post-2317","post","type-post","status-publish","format-standard","hentry","category-nyheter-fra-hopen"],"_links":{"self":[{"href":"https:\/\/hopenmeteo.no\/index.php?rest_route=\/wp\/v2\/posts\/2317","targetHints":{"allow":["GET"]}}],"collection":[{"href":"https:\/\/hopenmeteo.no\/index.php?rest_route=\/wp\/v2\/posts"}],"about":[{"href":"https:\/\/hopenmeteo.no\/index.php?rest_route=\/wp\/v2\/types\/post"}],"author":[{"embeddable":true,"href":"https:\/\/hopenmeteo.no\/index.php?rest_route=\/wp\/v2\/users\/2"}],"replies":[{"embeddable":true,"href":"https:\/\/hopenmeteo.no\/index.php?rest_route=%2Fwp%2Fv2%2Fcomments&post=2317"}],"version-history":[{"count":1,"href":"https:\/\/hopenmeteo.no\/index.php?rest_route=\/wp\/v2\/posts\/2317\/revisions"}],"predecessor-version":[{"id":2323,"href":"https:\/\/hopenmeteo.no\/index.php?rest_route=\/wp\/v2\/posts\/2317\/revisions\/2323"}],"wp:attachment":[{"href":"https:\/\/hopenmeteo.no\/index.php?rest_route=%2Fwp%2Fv2%2Fmedia&parent=2317"}],"wp:term":[{"taxonomy":"category","embeddable":true,"href":"https:\/\/hopenmeteo.no\/index.php?rest_route=%2Fwp%2Fv2%2Fcategories&post=2317"},{"taxonomy":"post_tag","embeddable":true,"href":"https:\/\/hopenmeteo.no\/index.php?rest_route=%2Fwp%2Fv2%2Ftags&post=2317"}],"curies":[{"name":"wp","href":"https:\/\/api.w.org\/{rel}","templated":true}]}}