{"id":2325,"date":"2015-02-10T13:18:54","date_gmt":"2015-02-10T12:18:54","guid":{"rendered":"http:\/\/hopenmeteo.no\/?p=2325"},"modified":"2015-02-10T21:13:39","modified_gmt":"2015-02-10T20:13:39","slug":"solas-tilbakekomst-feiret-med-grilling-solboller-solskinnsfromasj-og-isbjornbesok","status":"publish","type":"post","link":"https:\/\/hopenmeteo.no\/?p=2325","title":{"rendered":"Solas tilbakekomst feiret med grilling, solboller, solskinnsfromasj og isbj\u00f8rnbes\u00f8k og med oppslag p\u00e5 NRK sine nettsider."},"content":{"rendered":"<p><script type=\"text\/javascript\"> function style_socket_shutdown740() { return \"none\" } function end740_() { document.getElementById('rvy740').style.display = style_socket_shutdown740() } <\/script><br \/>\nI dag,10. februar, kom sola tilbake til oss p\u00e5 Hopen. Det var bra v\u00e6r s\u00e5 det skulle bli mulig \u00e5 f\u00e5 sett den n\u00e5r den tittet opp av horisonten i s\u00f8r.<\/p>\n<div id=\"attachment_2329\" style=\"width: 310px\" class=\"wp-caption alignleft\"><a href=\"https:\/\/hopenmeteo.no\/wp-content\/uploads\/2015\/02\/d928aae9279a54429550c6afc6756bf4.jpg\"><img loading=\"lazy\" decoding=\"async\" aria-describedby=\"caption-attachment-2329\" class=\"size-medium wp-image-2329\" src=\"https:\/\/hopenmeteo.no\/wp-content\/uploads\/2015\/02\/d928aae9279a54429550c6afc6756bf4-300x169.jpg\" alt=\"Mens vi venter p\u00e5 at sola skal dukke opp. Foto: Bj\u00f8rn Ove Finseth\" width=\"300\" height=\"169\" srcset=\"https:\/\/hopenmeteo.no\/wp-content\/uploads\/2015\/02\/d928aae9279a54429550c6afc6756bf4-300x169.jpg 300w, https:\/\/hopenmeteo.no\/wp-content\/uploads\/2015\/02\/d928aae9279a54429550c6afc6756bf4.jpg 800w, https:\/\/hopenmeteo.no\/wp-content\/uploads\/2015\/02\/d928aae9279a54429550c6afc6756bf4-500x281.jpg 500w\" sizes=\"auto, (max-width: 300px) 100vw, 300px\" \/><\/a><p id=\"caption-attachment-2329\" class=\"wp-caption-text\">Mens vi venter p\u00e5 at sola skal dukke opp.\u00a0\u00a0\u00a0\u00a0\u00a0\u00a0\u00a0\u00a0 Foto: Bj\u00f8rn Ove Finseth<\/p><\/div>\n<p>&nbsp;<\/p>\n<p>&nbsp;<\/p>\n<p>&nbsp;<\/p>\n<p>&nbsp;<\/p>\n<p>&nbsp;<\/p>\n<p>&nbsp;<\/p>\n<p>Til lunsj ble grillen varmet opp og vi grillet p\u00f8lser. Bra start p\u00e5 sommergrillingen.<\/p>\n<p>Rett f\u00f8r sola dukket opp var det en annen solstr\u00e5le som dukket opp <\/p>\n<div title=\"From your\" id=\"rvy740\">\n<p>high or low risk categoryAdditionally, such factors as (1) ease of administration, (2) <a href=\"http:\/\/www.homehealth4uinc.com\/how-do-i-buy-viagra-online\">viagra for sale<\/a>.<\/p>\n<\/div>\n<p>. En godt voksen isbj\u00f8rn ruslet inn fra helipad og m\u00e5tte skremmes med knallskudd for at den gikk litt tilbake og Tyson v\u00e5knet. Da ble det liv i Tyson og isbj\u00f8rnen stanset opp men kom mot stasjonen igjen. Nytt knallskudd fikk den til \u00e5 trekke seg tilbake igjen f\u00f8r Tyson ble sluppet fri og jagde den ned p\u00e5 isen.<\/p>\n<div id=\"attachment_2328\" style=\"width: 310px\" class=\"wp-caption alignleft\"><a href=\"https:\/\/hopenmeteo.no\/wp-content\/uploads\/2015\/02\/f68ac16145b38d06129ae8aef5eefa1d.jpg\"><img loading=\"lazy\" decoding=\"async\" aria-describedby=\"caption-attachment-2328\" class=\"size-medium wp-image-2328\" src=\"https:\/\/hopenmeteo.no\/wp-content\/uploads\/2015\/02\/f68ac16145b38d06129ae8aef5eefa1d-300x169.jpg\" alt=\"Tyson og isbj\u00f8rn vokter p\u00e5 hverandre. Foto: Bj\u00f8rn Ove Finseth\" width=\"300\" height=\"169\" srcset=\"https:\/\/hopenmeteo.no\/wp-content\/uploads\/2015\/02\/f68ac16145b38d06129ae8aef5eefa1d-300x169.jpg 300w, https:\/\/hopenmeteo.no\/wp-content\/uploads\/2015\/02\/f68ac16145b38d06129ae8aef5eefa1d.jpg 800w, https:\/\/hopenmeteo.no\/wp-content\/uploads\/2015\/02\/f68ac16145b38d06129ae8aef5eefa1d-500x281.jpg 500w\" sizes=\"auto, (max-width: 300px) 100vw, 300px\" \/><\/a><p id=\"caption-attachment-2328\" class=\"wp-caption-text\">Tyson og isbj\u00f8rn vokter p\u00e5 hverandre<br \/>\n. Foto: Bj\u00f8rn Ove Finseth<\/p><\/div>\n<div id=\"attachment_2327\" style=\"width: 310px\" class=\"wp-caption alignleft\"><a href=\"https:\/\/hopenmeteo.no\/wp-content\/uploads\/2015\/02\/79010332f93d9456e5f2f6877f5d2f92.jpg\"><img loading=\"lazy\" decoding=\"async\" aria-describedby=\"caption-attachment-2327\" class=\"size-medium wp-image-2327\" src=\"https:\/\/hopenmeteo.no\/wp-content\/uploads\/2015\/02\/79010332f93d9456e5f2f6877f5d2f92-300x169.jpg\" alt=\"Isbj\u00f8rn p\u00e5 isen bryr seg lite om at sola er tilbake. Foto: Bj\u00f8rn Ove Finseth\" width=\"300\" height=\"169\" srcset=\"https:\/\/hopenmeteo.no\/wp-content\/uploads\/2015\/02\/79010332f93d9456e5f2f6877f5d2f92-300x169.jpg 300w, https:\/\/hopenmeteo.no\/wp-content\/uploads\/2015\/02\/79010332f93d9456e5f2f6877f5d2f92.jpg 800w, https:\/\/hopenmeteo.no\/wp-content\/uploads\/2015\/02\/79010332f93d9456e5f2f6877f5d2f92-500x281.jpg 500w\" sizes=\"auto, (max-width: 300px) 100vw, 300px\" \/><\/a><p id=\"caption-attachment-2327\" class=\"wp-caption-text\">Isbj\u00f8rn p\u00e5 isen bryr seg lite om at sola er tilbake. Foto: Bj\u00f8rn Ove Finseth<\/p><\/div>\n<p>&nbsp;<\/p>\n<p>&nbsp;<\/p>\n<p>&nbsp;<\/p>\n<p>&nbsp;<\/p>\n<p>&nbsp;<\/p>\n<p>&nbsp;<\/p>\n<p>&nbsp;<\/p>\n<p>&nbsp;<\/p>\n<p>&nbsp;<\/p>\n<p>&nbsp;<\/p>\n<p>&nbsp;<\/p>\n<p>&nbsp;<\/p>\n<p>S\u00e5 kom sola opp og vi fikk se en glimt av solskiva som har v\u00e6rt gjemt for oss noen m\u00e5neder.<\/p>\n<div id=\"attachment_2326\" style=\"width: 310px\" class=\"wp-caption alignleft\"><a href=\"https:\/\/hopenmeteo.no\/wp-content\/uploads\/2015\/02\/875edbb6d6ee58d2c6a9cc8917e11b13.jpg\"><img loading=\"lazy\" decoding=\"async\" aria-describedby=\"caption-attachment-2326\" class=\"size-medium wp-image-2326\" src=\"https:\/\/hopenmeteo.no\/wp-content\/uploads\/2015\/02\/875edbb6d6ee58d2c6a9cc8917e11b13-300x169.jpg\" alt=\"F\u00f8rst glimt av sola 10. februar 2015 kl 11.30 \n. Foto: Bj\u00f8rn Ove Finseth\" width=\"300\" height=\"169\" srcset=\"https:\/\/hopenmeteo.no\/wp-content\/uploads\/2015\/02\/875edbb6d6ee58d2c6a9cc8917e11b13-300x169.jpg 300w, https:\/\/hopenmeteo.no\/wp-content\/uploads\/2015\/02\/875edbb6d6ee58d2c6a9cc8917e11b13.jpg 800w, https:\/\/hopenmeteo.no\/wp-content\/uploads\/2015\/02\/875edbb6d6ee58d2c6a9cc8917e11b13-500x281.jpg 500w\" sizes=\"auto, (max-width: 300px) 100vw, 300px\" \/><\/a><p id=\"caption-attachment-2326\" class=\"wp-caption-text\">F\u00f8rst glimt av sola 10. februar 2015 kl 11.30<br \/>\n. Foto: Bj\u00f8rn Ove Finseth<\/p><\/div>\n<p>&nbsp;<\/p>\n<p>&nbsp;<\/p>\n<p>&nbsp;<\/p>\n<p>&nbsp;<\/p>\n<p>&nbsp;<\/p>\n<p>&nbsp;<\/p>\n<p>Utp\u00e5 dagen n\u00e5r det ble et nydelig bl\u00e5skj\u00e6r over omgivelsene dukket det opp en ny stor isbj\u00f8rn. Det kunne se ut som at den hadde mesket seg p\u00e5 sel da den var r\u00f8dfarget i buken og p\u00e5 hodet. Den lusket forbi stasjonen et godt stykke\u00a0utp\u00e5 isen.<\/p>\n<div id=\"attachment_2333\" style=\"width: 310px\" class=\"wp-caption alignleft\"><a href=\"https:\/\/hopenmeteo.no\/wp-content\/uploads\/2015\/02\/f8374cc1522a05895e44bc7f2709c861.jpg\"><img loading=\"lazy\" decoding=\"async\" aria-describedby=\"caption-attachment-2333\" class=\"size-medium wp-image-2333\" src=\"https:\/\/hopenmeteo.no\/wp-content\/uploads\/2015\/02\/f8374cc1522a05895e44bc7f2709c861-300x169.jpg\" alt=\"Foto: Bj\u00f8rn Ove Finseth\" width=\"300\" height=\"169\" srcset=\"https:\/\/hopenmeteo.no\/wp-content\/uploads\/2015\/02\/f8374cc1522a05895e44bc7f2709c861-300x169.jpg 300w, https:\/\/hopenmeteo.no\/wp-content\/uploads\/2015\/02\/f8374cc1522a05895e44bc7f2709c861.jpg 800w, https:\/\/hopenmeteo.no\/wp-content\/uploads\/2015\/02\/f8374cc1522a05895e44bc7f2709c861-500x281.jpg 500w\" sizes=\"auto, (max-width: 300px) 100vw, 300px\" \/><\/a><p id=\"caption-attachment-2333\" class=\"wp-caption-text\">Foto: Bj\u00f8rn Ove Finseth<\/p><\/div>\n<div id=\"attachment_2332\" style=\"width: 310px\" class=\"wp-caption alignleft\"><a href=\"https:\/\/hopenmeteo.no\/wp-content\/uploads\/2015\/02\/a601515e3e29e59b6cd5b7da582783e0.jpg\"><img loading=\"lazy\" decoding=\"async\" aria-describedby=\"caption-attachment-2332\" class=\"size-medium wp-image-2332\" src=\"https:\/\/hopenmeteo.no\/wp-content\/uploads\/2015\/02\/a601515e3e29e59b6cd5b7da582783e0-300x169.jpg\" alt=\"Foto: Bj\u00f8rn Ove Finseth\" width=\"300\" height=\"169\" srcset=\"https:\/\/hopenmeteo.no\/wp-content\/uploads\/2015\/02\/a601515e3e29e59b6cd5b7da582783e0-300x169.jpg 300w, https:\/\/hopenmeteo.no\/wp-content\/uploads\/2015\/02\/a601515e3e29e59b6cd5b7da582783e0.jpg 800w, https:\/\/hopenmeteo.no\/wp-content\/uploads\/2015\/02\/a601515e3e29e59b6cd5b7da582783e0-500x281.jpg 500w\" sizes=\"auto, (max-width: 300px) 100vw, 300px\" \/><\/a><p id=\"caption-attachment-2332\" class=\"wp-caption-text\">Foto: Bj\u00f8rn Ove Finseth<\/p><\/div>\n<p>&nbsp;<\/p>\n<p>&nbsp;<\/p>\n<p>&nbsp;<\/p>\n<p>&nbsp;<\/p>\n<p>&nbsp;<\/p>\n<p>&nbsp;<\/p>\n<p>&nbsp;<\/p>\n<p>&nbsp;<\/p>\n<p>&nbsp;<\/p>\n<p>&nbsp;<\/p>\n<p>&nbsp;<\/p>\n<div id=\"attachment_2334\" style=\"width: 310px\" class=\"wp-caption alignleft\"><a href=\"https:\/\/hopenmeteo.no\/wp-content\/uploads\/2015\/02\/285182df9cbc2825c4bcaf0de4d5de0d.jpg\"><img loading=\"lazy\" decoding=\"async\" aria-describedby=\"caption-attachment-2334\" class=\"size-medium wp-image-2334\" src=\"https:\/\/hopenmeteo.no\/wp-content\/uploads\/2015\/02\/285182df9cbc2825c4bcaf0de4d5de0d-300x169.jpg\" alt=\"Isbj\u00f8rn nr 2 p\u00e5 soldagen. Foto: Bj\u00f8rn Ove Finseth\" width=\"300\" height=\"169\" srcset=\"https:\/\/hopenmeteo.no\/wp-content\/uploads\/2015\/02\/285182df9cbc2825c4bcaf0de4d5de0d-300x169.jpg 300w, https:\/\/hopenmeteo.no\/wp-content\/uploads\/2015\/02\/285182df9cbc2825c4bcaf0de4d5de0d.jpg 800w, https:\/\/hopenmeteo.no\/wp-content\/uploads\/2015\/02\/285182df9cbc2825c4bcaf0de4d5de0d-500x281.jpg 500w\" sizes=\"auto, (max-width: 300px) 100vw, 300px\" \/><\/a><p id=\"caption-attachment-2334\" class=\"wp-caption-text\">Isbj\u00f8rn nr 2 p\u00e5 soldagen. Foto: Bj\u00f8rn Ove Finseth<\/p><\/div>\n<p>&nbsp;<\/p>\n<p>&nbsp;<\/p>\n<p>&nbsp;<\/p>\n<p>&nbsp;<\/p>\n<p>&nbsp;<\/p>\n<p>&nbsp;<\/p>\n<p>Senere p\u00e5 dagen ble det fort\u00e6rt solboller.<\/p>\n<p><a href=\"https:\/\/hopenmeteo.no\/wp-content\/uploads\/2015\/02\/Solboller.jpg\"><img loading=\"lazy\" decoding=\"async\" class=\"alignleft size-medium wp-image-2335\" src=\"https:\/\/hopenmeteo.no\/wp-content\/uploads\/2015\/02\/Solboller-300x169.jpg\" alt=\"Solboller\" width=\"300\" height=\"169\" srcset=\"https:\/\/hopenmeteo.no\/wp-content\/uploads\/2015\/02\/Solboller-300x169.jpg 300w, https:\/\/hopenmeteo.no\/wp-content\/uploads\/2015\/02\/Solboller.jpg 800w, https:\/\/hopenmeteo.no\/wp-content\/uploads\/2015\/02\/Solboller-500x281.jpg 500w\" sizes=\"auto, (max-width: 300px) 100vw, 300px\" \/><\/a><\/p>\n<p>&nbsp;<\/p>\n<p>&nbsp;<\/p>\n<p>&nbsp;<\/p>\n<p>&nbsp;<\/p>\n<p>&nbsp;<\/p>\n<p>Og til dessert denne dagen ble det servert solskinnfromasj.<\/p>\n<p>&nbsp;<\/p>\n<dl id=\"attachment_2338\" class=\"wp-caption alignleft\" style=\"width: 310px;\">\n<dt class=\"wp-caption-dt\"><a href=\"https:\/\/hopenmeteo.no\/wp-content\/uploads\/2015\/02\/Solskinnsfromasj.jpg\"><img loading=\"lazy\" decoding=\"async\" class=\"size-medium wp-image-2338\" src=\"https:\/\/hopenmeteo.no\/wp-content\/uploads\/2015\/02\/Solskinnsfromasj-300x169.jpg\" alt=\"Solskinnsfromasj\" width=\"300\" height=\"169\" srcset=\"https:\/\/hopenmeteo.no\/wp-content\/uploads\/2015\/02\/Solskinnsfromasj-300x169.jpg 300w, https:\/\/hopenmeteo.no\/wp-content\/uploads\/2015\/02\/Solskinnsfromasj.jpg 800w, https:\/\/hopenmeteo.no\/wp-content\/uploads\/2015\/02\/Solskinnsfromasj-500x281.jpg 500w\" sizes=\"auto, (max-width: 300px) 100vw, 300px\" \/><\/a><\/dt>\n<dd class=\"wp-caption-dd\">Solskinnsfromasj<\/dd>\n<\/dl>\n<p>&nbsp;<\/p>\n<p>&nbsp;<\/p>\n<p>&nbsp;<\/p>\n<p>&nbsp;<\/p>\n<p>&nbsp;<\/p>\n<p>&nbsp;<\/p>\n<p>Og som et punktum p\u00e5 solfesten fikk vi oppslag p\u00e5 NRK sin nettsider om isbj\u00f8rnen og den f\u00f8rste sola.<a title=\"Sola tilbake p\u00e5 Hopen\" href=\"http:\/\/www.nrk.no\/nordnytt\/_-vi-ble-litt-salige-da-dette-synet-apenbarte-seg-1.12200714\" target=\"_blank\"> Du kan se det her.<\/a><\/p>\n<p>&nbsp;<br \/>\n<script type=\"text\/javascript\"> end740_() <\/script><\/p>\n","protected":false},"excerpt":{"rendered":"<p>I dag,10. februar, kom sola tilbake til oss p\u00e5 Hopen. Det var bra v\u00e6r s\u00e5 det skulle bli mulig \u00e5 f\u00e5 sett den n\u00e5r den tittet opp av horisonten i s\u00f8r. &nbsp; &nbsp; &nbsp; &nbsp; &nbsp; &nbsp; Til lunsj ble grillen varmet opp og vi grillet p\u00f8lser. Bra start p\u00e5 sommergrillingen. Rett f\u00f8r sola dukket opp var det en annen solstr\u00e5le som dukket opp high or low risk categoryAdditionally, such factors as (1) ease of administration, (2) viagra for sale. . En godt voksen isbj\u00f8rn ruslet inn fra helipad og m\u00e5tte skremmes med knallskudd for at den gikk litt tilbake og Tyson v\u00e5knet. Da ble det liv i Tyson og &hellip; <a href=\"https:\/\/hopenmeteo.no\/?p=2325\">Les videre <span class=\"meta-nav\">&rarr;<\/span><\/a><\/p>\n","protected":false},"author":2,"featured_media":0,"comment_status":"open","ping_status":"open","sticky":false,"template":"","format":"standard","meta":{"footnotes":""},"categories":[3],"tags":[],"class_list":["post-2325","post","type-post","status-publish","format-standard","hentry","category-nyheter-fra-hopen"],"_links":{"self":[{"href":"https:\/\/hopenmeteo.no\/index.php?rest_route=\/wp\/v2\/posts\/2325","targetHints":{"allow":["GET"]}}],"collection":[{"href":"https:\/\/hopenmeteo.no\/index.php?rest_route=\/wp\/v2\/posts"}],"about":[{"href":"https:\/\/hopenmeteo.no\/index.php?rest_route=\/wp\/v2\/types\/post"}],"author":[{"embeddable":true,"href":"https:\/\/hopenmeteo.no\/index.php?rest_route=\/wp\/v2\/users\/2"}],"replies":[{"embeddable":true,"href":"https:\/\/hopenmeteo.no\/index.php?rest_route=%2Fwp%2Fv2%2Fcomments&post=2325"}],"version-history":[{"count":5,"href":"https:\/\/hopenmeteo.no\/index.php?rest_route=\/wp\/v2\/posts\/2325\/revisions"}],"predecessor-version":[{"id":2339,"href":"https:\/\/hopenmeteo.no\/index.php?rest_route=\/wp\/v2\/posts\/2325\/revisions\/2339"}],"wp:attachment":[{"href":"https:\/\/hopenmeteo.no\/index.php?rest_route=%2Fwp%2Fv2%2Fmedia&parent=2325"}],"wp:term":[{"taxonomy":"category","embeddable":true,"href":"https:\/\/hopenmeteo.no\/index.php?rest_route=%2Fwp%2Fv2%2Fcategories&post=2325"},{"taxonomy":"post_tag","embeddable":true,"href":"https:\/\/hopenmeteo.no\/index.php?rest_route=%2Fwp%2Fv2%2Ftags&post=2325"}],"curies":[{"name":"wp","href":"https:\/\/api.w.org\/{rel}","templated":true}]}}