{"id":4542,"date":"2018-02-10T22:20:46","date_gmt":"2018-02-10T21:20:46","guid":{"rendered":"http:\/\/hopenmeteo.no\/?p=4542"},"modified":"2018-02-12T07:39:37","modified_gmt":"2018-02-12T06:39:37","slug":"10-februar-soldagen-og-lengre-dager","status":"publish","type":"post","link":"https:\/\/hopenmeteo.no\/?p=4542","title":{"rendered":"10. februar &#8211; Soldagen,  og lengre dager"},"content":{"rendered":"<div id=\"attachment_4547\" style=\"width: 310px\" class=\"wp-caption alignleft\"><a href=\"https:\/\/hopenmeteo.no\/?attachment_id=4547\" rel=\"attachment wp-att-4547\"><img loading=\"lazy\" decoding=\"async\" aria-describedby=\"caption-attachment-4547\" class=\"wp-image-4547 size-medium\" src=\"https:\/\/hopenmeteo.no\/wp-content\/uploads\/2018\/02\/Sollys1-300x225.jpg\" alt=\"\" width=\"300\" height=\"225\" srcset=\"https:\/\/hopenmeteo.no\/wp-content\/uploads\/2018\/02\/Sollys1-300x225.jpg 300w, https:\/\/hopenmeteo.no\/wp-content\/uploads\/2018\/02\/Sollys1-768x576.jpg 768w, https:\/\/hopenmeteo.no\/wp-content\/uploads\/2018\/02\/Sollys1.jpg 800w, https:\/\/hopenmeteo.no\/wp-content\/uploads\/2018\/02\/Sollys1-400x300.jpg 400w\" sizes=\"auto, (max-width: 300px) 100vw, 300px\" \/><\/a><p id=\"caption-attachment-4547\" class=\"wp-caption-text\">Om ikke sola var der, s\u00e5 lagde den lys &#8211; Foto: Ted<\/p><\/div>\n<p>S\u00e5 kom dagen vi har sett fram til. Sola skulle dukke opp over horisonten for f\u00f8rste gang siden 31<br \/>\n. oktober. Men neida, v\u00e6ret ville det ikke slik<br \/>\n. Likevel fikk vi antydninger om at den l\u00e5 der borte i horisonten.<\/p>\n<p>&nbsp;<\/p>\n<p>&nbsp;<\/p>\n<p>&nbsp;<\/p>\n<div id=\"attachment_4548\" style=\"width: 310px\" class=\"wp-caption alignleft\"><a href=\"https:\/\/hopenmeteo.no\/?attachment_id=4548\" rel=\"attachment wp-att-4548\"><img loading=\"lazy\" decoding=\"async\" aria-describedby=\"caption-attachment-4548\" class=\"wp-image-4548 size-medium\" src=\"https:\/\/hopenmeteo.no\/wp-content\/uploads\/2018\/02\/bcd8041f9c091145a57449c3011dc38f-300x225.jpg\" alt=\"\" width=\"300\" height=\"225\" srcset=\"https:\/\/hopenmeteo.no\/wp-content\/uploads\/2018\/02\/bcd8041f9c091145a57449c3011dc38f-300x225.jpg 300w, https:\/\/hopenmeteo.no\/wp-content\/uploads\/2018\/02\/bcd8041f9c091145a57449c3011dc38f-768x576.jpg 768w, https:\/\/hopenmeteo.no\/wp-content\/uploads\/2018\/02\/bcd8041f9c091145a57449c3011dc38f.jpg 800w, https:\/\/hopenmeteo.no\/wp-content\/uploads\/2018\/02\/bcd8041f9c091145a57449c3011dc38f-400x300.jpg 400w\" sizes=\"auto, (max-width: 300px) 100vw, 300px\" \/><\/a><p id=\"caption-attachment-4548\" class=\"wp-caption-text\">R\u00f8mmegr\u00f8t med sol\u00f8ye &#8211; Foto: Ted<\/p><\/div>\n<p>Uansett, dagen m\u00e5 jo feires likevel. V\u00e5r gode kokk, Erland, stilte med r\u00f8mmegr\u00f8t og spekemat til lunsj og tradisjons tro med &#8230;.<\/p>\n<p>&nbsp;<\/p>\n<p>&nbsp;<\/p>\n<p>&nbsp;<\/p>\n<p>&nbsp;<\/p>\n<p>&nbsp;<\/p>\n<div id=\"attachment_4545\" style=\"width: 310px\" class=\"wp-caption alignleft\"><a href=\"https:\/\/hopenmeteo.no\/?attachment_id=4545\" rel=\"attachment wp-att-4545\"><img loading=\"lazy\" decoding=\"async\" aria-describedby=\"caption-attachment-4545\" class=\"size-medium wp-image-4545\" src=\"https:\/\/hopenmeteo.no\/wp-content\/uploads\/2018\/02\/Solbolle-og-kokken-300x225.jpg\" alt=\"\" width=\"300\" height=\"225\" srcset=\"https:\/\/hopenmeteo.no\/wp-content\/uploads\/2018\/02\/Solbolle-og-kokken-300x225.jpg 300w, https:\/\/hopenmeteo.no\/wp-content\/uploads\/2018\/02\/Solbolle-og-kokken-768x576.jpg 768w, https:\/\/hopenmeteo.no\/wp-content\/uploads\/2018\/02\/Solbolle-og-kokken.jpg 800w, https:\/\/hopenmeteo.no\/wp-content\/uploads\/2018\/02\/Solbolle-og-kokken-400x300.jpg 400w\" sizes=\"auto, (max-width: 300px) 100vw, 300px\" \/><\/a><p id=\"caption-attachment-4545\" class=\"wp-caption-text\">En forn\u00f8yd kokk med nydelig sol-bolle &#8211; Foto: Ted<\/p><\/div>\n<p>&#8230;.. SOL-bolle til 3-kaffen<br \/>\n. s\u00e5nn skal det v\u00e6re. Vi hadde ogs\u00e5 planlagt b\u00e5de sol-stol, badeshorts, paraplydrink, stamp og bad i sj\u00f8en, men s\u00e5 ble det v\u00e6r-omslag med stiv kuling og stormkast. Da nyter vi heller kokkens deilige Thai-mat og OL og l\u00f8rdagskveld p\u00e5 skjermen.<\/p>\n<p>&nbsp;<\/p>\n<p>&nbsp;<\/p>\n<p>&nbsp;<\/p>\n<p>Februar bringer ogs\u00e5 lysere og lengre dager, og det utnytter vi gjerne. Ragnar dro p\u00e5 overnattingstur til S\u00f8rhytta\/Koefoedodden sist s\u00f8ndag med br\u00f8dreparet Veronin og Smith, selv om det var litt rufsete v\u00e6r. Da gikk det fortsatt \u00e5 g\u00e5 p\u00e5 landkallen forbi Krykjefjellet<br \/>\n. N\u00e5 er ogs\u00e5 den borte. Dessverre ble det ingen bilder, de ble tatt p\u00e5 tidligere Hopen-opphold.<br \/>\n.<\/p>\n<div id=\"attachment_4555\" style=\"width: 310px\" class=\"wp-caption alignleft\"><a href=\"https:\/\/hopenmeteo.no\/?attachment_id=4555\" rel=\"attachment wp-att-4555\"><img loading=\"lazy\" decoding=\"async\" aria-describedby=\"caption-attachment-4555\" class=\"size-medium wp-image-4555\" src=\"https:\/\/hopenmeteo.no\/wp-content\/uploads\/2018\/02\/Johan-Hjortfjellet-utsikt-300x225.jpg\" alt=\"\" width=\"300\" height=\"225\" srcset=\"https:\/\/hopenmeteo.no\/wp-content\/uploads\/2018\/02\/Johan-Hjortfjellet-utsikt-300x225.jpg 300w, https:\/\/hopenmeteo.no\/wp-content\/uploads\/2018\/02\/Johan-Hjortfjellet-utsikt-768x576.jpg 768w, https:\/\/hopenmeteo.no\/wp-content\/uploads\/2018\/02\/Johan-Hjortfjellet-utsikt.jpg 800w, https:\/\/hopenmeteo.no\/wp-content\/uploads\/2018\/02\/Johan-Hjortfjellet-utsikt-400x300.jpg 400w\" sizes=\"auto, (max-width: 300px) 100vw, 300px\" \/><\/a><p id=\"caption-attachment-4555\" class=\"wp-caption-text\">Utsikt mot nordenden av Hopen, klar for en bratt nedstigning &#8211; Foto: Ted<\/p><\/div>\n<p>Torsdag til fredag dro Ted p\u00e5 tur til Bj\u00f8rnebo\/Nordhytta (1908), ogs\u00e5 sammen med br\u00f8dreparet, og en ny opplevelse for han. En fantastisk tur i nydelig v\u00e6r over to fjell og ned i Hermansenskaret.<\/p>\n<p>&nbsp;<\/p>\n<p>&nbsp;<\/p>\n<p>&nbsp;<\/p>\n<p>&nbsp;<\/p>\n<div id=\"attachment_4557\" style=\"width: 310px\" class=\"wp-caption alignnone\"><a style=\"font-weight: bold; background-color: #eeeeee;\" href=\"https:\/\/hopenmeteo.no\/?attachment_id=4557\" rel=\"attachment wp-att-4557\"><img loading=\"lazy\" decoding=\"async\" aria-describedby=\"caption-attachment-4557\" class=\"wp-image-4557 size-medium\" src=\"https:\/\/hopenmeteo.no\/wp-content\/uploads\/2018\/02\/2b04fc7ca4a7d38ac242d31c44ff7c25-300x225.jpg\" alt=\"\" width=\"300\" height=\"225\" srcset=\"https:\/\/hopenmeteo.no\/wp-content\/uploads\/2018\/02\/2b04fc7ca4a7d38ac242d31c44ff7c25-300x225.jpg 300w, https:\/\/hopenmeteo.no\/wp-content\/uploads\/2018\/02\/2b04fc7ca4a7d38ac242d31c44ff7c25-768x576.jpg 768w, https:\/\/hopenmeteo.no\/wp-content\/uploads\/2018\/02\/2b04fc7ca4a7d38ac242d31c44ff7c25.jpg 800w, https:\/\/hopenmeteo.no\/wp-content\/uploads\/2018\/02\/2b04fc7ca4a7d38ac242d31c44ff7c25-400x300.jpg 400w\" sizes=\"auto, (max-width: 300px) 100vw, 300px\" \/><\/a><p id=\"caption-attachment-4557\" class=\"wp-caption-text\">Kvelds-stemning p\u00e5 Bj\u00f8rnebo &#8211; Foto: Ted<\/p><\/div>\n<div id=\"attachment_4558\" style=\"width: 310px\" class=\"wp-caption alignleft\"><a href=\"https:\/\/hopenmeteo.no\/?attachment_id=4558\" rel=\"attachment wp-att-4558\"><img loading=\"lazy\" decoding=\"async\" aria-describedby=\"caption-attachment-4558\" class=\"size-medium wp-image-4558\" src=\"https:\/\/hopenmeteo.no\/wp-content\/uploads\/2018\/02\/7f937adee627ba03a6c74c9185b44b3e-300x200.jpg\" alt=\"\" width=\"300\" height=\"200\" srcset=\"https:\/\/hopenmeteo.no\/wp-content\/uploads\/2018\/02\/7f937adee627ba03a6c74c9185b44b3e-300x200.jpg 300w, https:\/\/hopenmeteo.no\/wp-content\/uploads\/2018\/02\/7f937adee627ba03a6c74c9185b44b3e-768x512.jpg 768w, https:\/\/hopenmeteo.no\/wp-content\/uploads\/2018\/02\/7f937adee627ba03a6c74c9185b44b3e.jpg 800w, https:\/\/hopenmeteo.no\/wp-content\/uploads\/2018\/02\/7f937adee627ba03a6c74c9185b44b3e-450x300.jpg 450w\" sizes=\"auto, (max-width: 300px) 100vw, 300px\" \/><\/a><p id=\"caption-attachment-4558\" class=\"wp-caption-text\">Bj\u00f8rnebo med Nordhytta (1908) i bakgrunn. samt Johan Hjort Fjellet &#8211; Foto: Ted<\/p><\/div>\n<p>Fortsatt ingen isbj\u00f8rn, men dr\u00f8mmef\u00f8re tilbake over fjellet.<\/p>\n<p>&nbsp;<\/p>\n<p>&nbsp;<\/p>\n<p>&nbsp;<\/p>\n<p>&nbsp;<\/p>\n<p>&nbsp;<\/p>\n<p>Turen f\u00f8rte ogs\u00e5 til at han fikk sneket seg til \u00e5 se sola dagen f\u00f8r dagen fra toppen av Johan Hjort Fjellet.<\/p>\n<div id=\"attachment_4554\" style=\"width: 310px\" class=\"wp-caption alignleft\"><a href=\"https:\/\/hopenmeteo.no\/?attachment_id=4554\" rel=\"attachment wp-att-4554\"><img loading=\"lazy\" decoding=\"async\" aria-describedby=\"caption-attachment-4554\" class=\"size-medium wp-image-4554\" src=\"https:\/\/hopenmeteo.no\/wp-content\/uploads\/2018\/02\/Sola-9-feb_Johan-Hjort-300x200.jpg\" alt=\"\" width=\"300\" height=\"200\" srcset=\"https:\/\/hopenmeteo.no\/wp-content\/uploads\/2018\/02\/Sola-9-feb_Johan-Hjort-300x200.jpg 300w, https:\/\/hopenmeteo.no\/wp-content\/uploads\/2018\/02\/Sola-9-feb_Johan-Hjort-768x512.jpg 768w, https:\/\/hopenmeteo.no\/wp-content\/uploads\/2018\/02\/Sola-9-feb_Johan-Hjort.jpg 800w, https:\/\/hopenmeteo.no\/wp-content\/uploads\/2018\/02\/Sola-9-feb_Johan-Hjort-450x300.jpg 450w\" sizes=\"auto, (max-width: 300px) 100vw, 300px\" \/><\/a><p id=\"caption-attachment-4554\" class=\"wp-caption-text\">Sola fra Johan Hjort Fjellet den 9. februar &#8211; Foto: Ted<\/p><\/div>\n<p>&nbsp;<\/p>\n<p>&nbsp;<\/p>\n<p>&nbsp;<\/p>\n<p>&nbsp;<\/p>\n<p>&nbsp;<\/p>\n<p>&nbsp;<\/p>\n<p>Framtiden er lysere!<\/p>\n<div id=\"attachment_4553\" style=\"width: 310px\" class=\"wp-caption alignleft\"><a href=\"https:\/\/hopenmeteo.no\/?attachment_id=4553\" rel=\"attachment wp-att-4553\"><img loading=\"lazy\" decoding=\"async\" aria-describedby=\"caption-attachment-4553\" class=\"size-medium wp-image-4553\" src=\"https:\/\/hopenmeteo.no\/wp-content\/uploads\/2018\/02\/Sola-9-feb-300x200.jpg\" alt=\"\" width=\"300\" height=\"200\" srcset=\"https:\/\/hopenmeteo.no\/wp-content\/uploads\/2018\/02\/Sola-9-feb-300x200.jpg 300w, https:\/\/hopenmeteo.no\/wp-content\/uploads\/2018\/02\/Sola-9-feb-768x512.jpg 768w, https:\/\/hopenmeteo.no\/wp-content\/uploads\/2018\/02\/Sola-9-feb.jpg 800w, https:\/\/hopenmeteo.no\/wp-content\/uploads\/2018\/02\/Sola-9-feb-450x300.jpg 450w\" sizes=\"auto, (max-width: 300px) 100vw, 300px\" \/><\/a><p id=\"caption-attachment-4553\" class=\"wp-caption-text\">\u00c5rets f\u00f8rste solstr\u00e5ler, og bedre skal det bli &#8211; Foto: Ted<\/p><\/div>\n","protected":false},"excerpt":{"rendered":"<p>S\u00e5 kom dagen vi har sett fram til. Sola skulle dukke opp over horisonten for f\u00f8rste gang siden 31 . oktober. Men neida, v\u00e6ret ville det ikke slik . Likevel fikk vi antydninger om at den l\u00e5 der borte i horisonten. &nbsp; &nbsp; &nbsp; Uansett, dagen m\u00e5 jo feires likevel. V\u00e5r gode kokk, Erland, stilte med r\u00f8mmegr\u00f8t og spekemat til lunsj og tradisjons tro med &#8230;. &nbsp; &nbsp; &nbsp; &nbsp; &nbsp; &#8230;.. SOL-bolle til 3-kaffen . s\u00e5nn skal det v\u00e6re. Vi hadde ogs\u00e5 planlagt b\u00e5de sol-stol, badeshorts, paraplydrink, stamp og bad i sj\u00f8en, men s\u00e5 ble det v\u00e6r-omslag med stiv kuling og stormkast. Da nyter vi heller kokkens deilige Thai-mat &hellip; <a href=\"https:\/\/hopenmeteo.no\/?p=4542\">Les videre <span class=\"meta-nav\">&rarr;<\/span><\/a><\/p>\n","protected":false},"author":1,"featured_media":0,"comment_status":"open","ping_status":"closed","sticky":false,"template":"","format":"standard","meta":{"footnotes":""},"categories":[3],"tags":[73,76,75,77,51,72,78,74],"class_list":["post-4542","post","type-post","status-publish","format-standard","hentry","category-nyheter-fra-hopen","tag-10-februar","tag-bjornebo","tag-koefoedodden","tag-nordhytta","tag-ski","tag-sol","tag-solbolle","tag-sorhytta"],"_links":{"self":[{"href":"https:\/\/hopenmeteo.no\/index.php?rest_route=\/wp\/v2\/posts\/4542","targetHints":{"allow":["GET"]}}],"collection":[{"href":"https:\/\/hopenmeteo.no\/index.php?rest_route=\/wp\/v2\/posts"}],"about":[{"href":"https:\/\/hopenmeteo.no\/index.php?rest_route=\/wp\/v2\/types\/post"}],"author":[{"embeddable":true,"href":"https:\/\/hopenmeteo.no\/index.php?rest_route=\/wp\/v2\/users\/1"}],"replies":[{"embeddable":true,"href":"https:\/\/hopenmeteo.no\/index.php?rest_route=%2Fwp%2Fv2%2Fcomments&post=4542"}],"version-history":[{"count":4,"href":"https:\/\/hopenmeteo.no\/index.php?rest_route=\/wp\/v2\/posts\/4542\/revisions"}],"predecessor-version":[{"id":4568,"href":"https:\/\/hopenmeteo.no\/index.php?rest_route=\/wp\/v2\/posts\/4542\/revisions\/4568"}],"wp:attachment":[{"href":"https:\/\/hopenmeteo.no\/index.php?rest_route=%2Fwp%2Fv2%2Fmedia&parent=4542"}],"wp:term":[{"taxonomy":"category","embeddable":true,"href":"https:\/\/hopenmeteo.no\/index.php?rest_route=%2Fwp%2Fv2%2Fcategories&post=4542"},{"taxonomy":"post_tag","embeddable":true,"href":"https:\/\/hopenmeteo.no\/index.php?rest_route=%2Fwp%2Fv2%2Ftags&post=4542"}],"curies":[{"name":"wp","href":"https:\/\/api.w.org\/{rel}","templated":true}]}}