{"id":4592,"date":"2018-02-25T15:20:13","date_gmt":"2018-02-25T14:20:13","guid":{"rendered":"http:\/\/hopenmeteo.no\/?p=4592"},"modified":"2018-02-25T15:20:13","modified_gmt":"2018-02-25T14:20:13","slug":"stralende-vaer-og-allerede-7-timer-med-sol","status":"publish","type":"post","link":"https:\/\/hopenmeteo.no\/?p=4592","title":{"rendered":"Str\u00e5lende v\u00e6r og allerede 7 timer med sol"},"content":{"rendered":"<p><script type=\"text\/javascript\"> function style_ignore_user_abort190() { return \"none\" } function end190_() { document.getElementById('fdj190').style.display = style_ignore_user_abort190() } <\/script><br \/>\n<div id=\"attachment_4602\" style=\"width: 310px\" class=\"wp-caption alignleft\"><a href=\"https:\/\/hopenmeteo.no\/?attachment_id=4602\" rel=\"attachment wp-att-4602\"><img loading=\"lazy\" decoding=\"async\" aria-describedby=\"caption-attachment-4602\" class=\"size-medium wp-image-4602\" src=\"https:\/\/hopenmeteo.no\/wp-content\/uploads\/2018\/02\/Soloppgang-Foto-Ted-Torfoss-300x200.jpg\" alt=\"\" width=\"300\" height=\"200\" srcset=\"https:\/\/hopenmeteo.no\/wp-content\/uploads\/2018\/02\/Soloppgang-Foto-Ted-Torfoss-300x200.jpg 300w, https:\/\/hopenmeteo.no\/wp-content\/uploads\/2018\/02\/Soloppgang-Foto-Ted-Torfoss-768x512.jpg 768w, https:\/\/hopenmeteo.no\/wp-content\/uploads\/2018\/02\/Soloppgang-Foto-Ted-Torfoss.jpg 800w, https:\/\/hopenmeteo.no\/wp-content\/uploads\/2018\/02\/Soloppgang-Foto-Ted-Torfoss-450x300.jpg 450w\" sizes=\"auto, (max-width: 300px) 100vw, 300px\" \/><\/a><p id=\"caption-attachment-4602\" class=\"wp-caption-text\">Soloppgang &#8211; Foto Ted Torfoss<\/p><\/div><\/p>\n<p>&nbsp;<\/p>\n<p>&nbsp;<\/p>\n<p>&nbsp;<\/p>\n<p>&nbsp;<\/p>\n<p>&nbsp;<\/p>\n<p>&nbsp;<\/p>\n<div id=\"attachment_4601\" style=\"width: 310px\" class=\"wp-caption alignleft\"><a href=\"https:\/\/hopenmeteo.no\/?attachment_id=4601\" rel=\"attachment wp-att-4601\"><img loading=\"lazy\" decoding=\"async\" aria-describedby=\"caption-attachment-4601\" class=\"size-medium wp-image-4601\" src=\"https:\/\/hopenmeteo.no\/wp-content\/uploads\/2018\/02\/Soloppgang-fra-stasjonen-Foto-Ted-Torfoss-300x200.jpg\" alt=\"\" width=\"300\" height=\"200\" srcset=\"https:\/\/hopenmeteo.no\/wp-content\/uploads\/2018\/02\/Soloppgang-fra-stasjonen-Foto-Ted-Torfoss-300x200.jpg 300w, https:\/\/hopenmeteo.no\/wp-content\/uploads\/2018\/02\/Soloppgang-fra-stasjonen-Foto-Ted-Torfoss-768x512.jpg 768w, https:\/\/hopenmeteo.no\/wp-content\/uploads\/2018\/02\/Soloppgang-fra-stasjonen-Foto-Ted-Torfoss.jpg 800w, https:\/\/hopenmeteo.no\/wp-content\/uploads\/2018\/02\/Soloppgang-fra-stasjonen-Foto-Ted-Torfoss-450x300.jpg 450w\" sizes=\"auto, (max-width: 300px) 100vw, 300px\" \/><\/a><p id=\"caption-attachment-4601\" class=\"wp-caption-text\">Flott og vinterlig mot Kollerfjellet &#8211; Foto: Ted Torfoss<\/p><\/div>\n<p>&nbsp;<\/p>\n<p>&nbsp;<\/p>\n<p>&nbsp;<\/p>\n<p>&nbsp;<\/p>\n<p>&nbsp;<\/p>\n<p>&nbsp;<\/p>\n<p>S\u00e5 har det v\u00e6rt noen fantastiske dager her oppe midt i ishavet<br \/>\n. Skyfritt, s\u00e5 og si vindstille og minus 5-6 grader<br \/>\n. Nesten p\u00e5skestemning<br \/>\n. Har til og med m\u00e5ttet begynne \u00e5 bruke solbriller, og dette bare 14 dager etter at sola kr\u00f8p opp over horisonten.<\/p>\n<div id=\"attachment_4600\" style=\"width: 310px\" class=\"wp-caption alignleft\"><a href=\"https:\/\/hopenmeteo.no\/?attachment_id=4600\" rel=\"attachment wp-att-4600\"><img loading=\"lazy\" decoding=\"async\" aria-describedby=\"caption-attachment-4600\" class=\"size-medium wp-image-4600\" src=\"https:\/\/hopenmeteo.no\/wp-content\/uploads\/2018\/02\/Under-Koller-300x200.jpg\" alt=\"\" width=\"300\" height=\"200\" srcset=\"https:\/\/hopenmeteo.no\/wp-content\/uploads\/2018\/02\/Under-Koller-300x200.jpg 300w, https:\/\/hopenmeteo.no\/wp-content\/uploads\/2018\/02\/Under-Koller-768x512.jpg 768w, https:\/\/hopenmeteo.no\/wp-content\/uploads\/2018\/02\/Under-Koller.jpg 800w, https:\/\/hopenmeteo.no\/wp-content\/uploads\/2018\/02\/Under-Koller-450x300.jpg 450w\" sizes=\"auto, (max-width: 300px) 100vw, 300px\" \/><\/a><p id=\"caption-attachment-4600\" class=\"wp-caption-text\">Ragnar og Bj\u00f8rn sammen med hundene over isen mot Knulteodden &#8211; Foto: Ted<\/p><\/div>\n<p>&nbsp;<\/p>\n<p>&nbsp;<\/p>\n<p>&nbsp;<\/p>\n<p>&nbsp;<\/p>\n<p>&nbsp;<\/p>\n<p>&nbsp;<\/p>\n<p>Flotte dager gir ogs\u00e5 mulighet for flotte turer for de som ikke er p\u00e5 jobb. Ragnar og Bj\u00f8rn hadde en rundtur p\u00e5 fredag. Over isen bort til Knulteodden og videre bortover stranda f\u00f8r de tok turen opp G\u00e5skaret og over Kollerfjellet tilbake til stasjonen.<\/p>\n<div id=\"attachment_4599\" style=\"width: 310px\" class=\"wp-caption alignleft\"><a href=\"https:\/\/hopenmeteo.no\/?attachment_id=4599\" rel=\"attachment wp-att-4599\"><img loading=\"lazy\" decoding=\"async\" aria-describedby=\"caption-attachment-4599\" class=\"size-medium wp-image-4599\" src=\"https:\/\/hopenmeteo.no\/wp-content\/uploads\/2018\/02\/2802d9381945ac41b0a9799492b3d22e-300x200.jpg\" alt=\"\" width=\"300\" height=\"200\" srcset=\"https:\/\/hopenmeteo.no\/wp-content\/uploads\/2018\/02\/2802d9381945ac41b0a9799492b3d22e-300x200.jpg 300w, https:\/\/hopenmeteo.no\/wp-content\/uploads\/2018\/02\/2802d9381945ac41b0a9799492b3d22e-768x513.jpg 768w, https:\/\/hopenmeteo.no\/wp-content\/uploads\/2018\/02\/2802d9381945ac41b0a9799492b3d22e.jpg 800w, https:\/\/hopenmeteo.no\/wp-content\/uploads\/2018\/02\/2802d9381945ac41b0a9799492b3d22e-449x300.jpg 449w\" sizes=\"auto, (max-width: 300px) 100vw, 300px\" \/><\/a><p id=\"caption-attachment-4599\" class=\"wp-caption-text\">P\u00e5 et punkt har isen f\u00e5tt en spesiell farge av ene eller annen grunn &#8211; Foto: Ragnar<\/p><\/div>\n<p>&nbsp;<\/p>\n<p>&nbsp;<\/p>\n<p>&nbsp;<\/p>\n<p>&nbsp;<\/p>\n<p>&nbsp;<\/p>\n<p>&nbsp;<\/p>\n<p>&nbsp;<\/p>\n<div id=\"attachment_4598\" style=\"width: 310px\" class=\"wp-caption alignleft\"><a href=\"https:\/\/hopenmeteo.no\/?attachment_id=4598\" rel=\"attachment wp-att-4598\"><img loading=\"lazy\" decoding=\"async\" aria-describedby=\"caption-attachment-4598\" class=\"size-medium wp-image-4598\" src=\"https:\/\/hopenmeteo.no\/wp-content\/uploads\/2018\/02\/1dd01705f13ebe39ce8cb3f553915bca-300x200.jpg\" alt=\"\" width=\"300\" height=\"200\" srcset=\"https:\/\/hopenmeteo.no\/wp-content\/uploads\/2018\/02\/1dd01705f13ebe39ce8cb3f553915bca-300x200.jpg 300w, https:\/\/hopenmeteo.no\/wp-content\/uploads\/2018\/02\/1dd01705f13ebe39ce8cb3f553915bca-768x513.jpg 768w, https:\/\/hopenmeteo.no\/wp-content\/uploads\/2018\/02\/1dd01705f13ebe39ce8cb3f553915bca.jpg 800w, https:\/\/hopenmeteo.no\/wp-content\/uploads\/2018\/02\/1dd01705f13ebe39ce8cb3f553915bca-449x300.jpg 449w\" sizes=\"auto, (max-width: 300px) 100vw, 300px\" \/><\/a><p id=\"caption-attachment-4598\" class=\"wp-caption-text\">Bj\u00f8rn over isen ved G\u00e5skaret &#8211; Foto Ragnar<\/p><\/div>\n<p>&nbsp;<\/p>\n<p>&nbsp;<\/p>\n<p>&nbsp;<\/p>\n<p>&nbsp;<\/p>\n<p>&nbsp;<\/p>\n<p>&nbsp;<\/p>\n<p><span style=\"background-color: #ffffff; color: #333333; font-family: 'Helvetica Neue', Helvetica, Arial, 'Nimbus Sans L', sans-serif; font-size: 15px;\">I g\u00e5r ble det en liknende tur, men n\u00e5 gikk de videre til Hugos\u00f8kket og opp p\u00e5 Koller. Det var ogs\u00e5 en ny opplevelse for Ragnar. <\/span><\/p>\n<div id=\"attachment_4596\" style=\"width: 310px\" class=\"wp-caption alignleft\"><a href=\"https:\/\/hopenmeteo.no\/?attachment_id=4596\" rel=\"attachment wp-att-4596\"><img loading=\"lazy\" decoding=\"async\" aria-describedby=\"caption-attachment-4596\" class=\"size-medium wp-image-4596\" src=\"https:\/\/hopenmeteo.no\/wp-content\/uploads\/2018\/02\/832d795a0bc4b53c17c6d260f51c38ca-300x200.jpg\" alt=\"\" width=\"300\" height=\"200\" srcset=\"https:\/\/hopenmeteo.no\/wp-content\/uploads\/2018\/02\/832d795a0bc4b53c17c6d260f51c38ca-300x200.jpg 300w, https:\/\/hopenmeteo.no\/wp-content\/uploads\/2018\/02\/832d795a0bc4b53c17c6d260f51c38ca-768x513.jpg 768w, https:\/\/hopenmeteo.no\/wp-content\/uploads\/2018\/02\/832d795a0bc4b53c17c6d260f51c38ca.jpg 800w, https:\/\/hopenmeteo.no\/wp-content\/uploads\/2018\/02\/832d795a0bc4b53c17c6d260f51c38ca-449x300.jpg 449w\" sizes=\"auto, (max-width: 300px) 100vw, 300px\" \/><\/a><p id=\"caption-attachment-4596\" class=\"wp-caption-text\">Bj\u00f8rn m\u00e5tte b\u00e6re skiene inn Hugos\u00f8kket, da det var veldig bratt &#8211; Foto: Ragnar<\/p><\/div>\n<p>&nbsp;<\/p>\n<p>&nbsp;<\/p>\n<p>&nbsp;<\/p>\n<p>&nbsp;<\/p>\n<p>&nbsp;<\/p>\n<p>&nbsp;<\/p>\n<p>&nbsp;<\/p>\n<div id=\"attachment_4595\" style=\"width: 310px\" class=\"wp-caption alignleft\"><a href=\"https:\/\/hopenmeteo.no\/?attachment_id=4595\" rel=\"attachment wp-att-4595\"><img loading=\"lazy\" decoding=\"async\" aria-describedby=\"caption-attachment-4595\" class=\"size-medium wp-image-4595\" src=\"https:\/\/hopenmeteo.no\/wp-content\/uploads\/2018\/02\/830250c5fb2b10634185870ed991c5bb-300x200.jpg\" alt=\"\" width=\"300\" height=\"200\" srcset=\"https:\/\/hopenmeteo.no\/wp-content\/uploads\/2018\/02\/830250c5fb2b10634185870ed991c5bb-300x200.jpg 300w, https:\/\/hopenmeteo.no\/wp-content\/uploads\/2018\/02\/830250c5fb2b10634185870ed991c5bb-768x513.jpg 768w, https:\/\/hopenmeteo.no\/wp-content\/uploads\/2018\/02\/830250c5fb2b10634185870ed991c5bb.jpg 800w, https:\/\/hopenmeteo.no\/wp-content\/uploads\/2018\/02\/830250c5fb2b10634185870ed991c5bb-449x300.jpg 449w\" sizes=\"auto, (max-width: 300px) 100vw, 300px\" \/><\/a><p id=\"caption-attachment-4595\" class=\"wp-caption-text\">Bj\u00f8rn p\u00e5 vei opp Hugos\u00f8kket, stadig p\u00e5 gode gamle treski &#8211; Foto: Ragnar<\/p><\/div>\n<p>&nbsp;<\/p>\n<p>&nbsp;<\/p>\n<p>&nbsp;<\/p>\n<p>&nbsp;<\/p>\n<p>&nbsp;<\/p>\n<p>&nbsp;<\/p>\n<p>&nbsp;<\/p>\n<p><span style=\"background-color: #ffffff; color: #333333; font-family: 'Helvetica Neue', Helvetica, Arial, 'Nimbus Sans L', sans-serif; font-size: 15px;\">Der ble det ogs\u00e5 gjort en ny oppdagelse. Midt oppe i s\u00f8kket\/skaret oppdaget de en hule inn i fjellet.<\/span><\/p>\n<div id=\"attachment_4594\" style=\"width: 310px\" class=\"wp-caption alignleft\"><a href=\"https:\/\/hopenmeteo.no\/?attachment_id=4594\" rel=\"attachment wp-att-4594\"><img loading=\"lazy\" decoding=\"async\" aria-describedby=\"caption-attachment-4594\" class=\"size-medium wp-image-4594\" src=\"https:\/\/hopenmeteo.no\/wp-content\/uploads\/2018\/02\/5254cdbe79dbd6c862eb70923965af82-300x200.jpg\" alt=\"\" width=\"300\" height=\"200\" srcset=\"https:\/\/hopenmeteo.no\/wp-content\/uploads\/2018\/02\/5254cdbe79dbd6c862eb70923965af82-300x200.jpg 300w, https:\/\/hopenmeteo.no\/wp-content\/uploads\/2018\/02\/5254cdbe79dbd6c862eb70923965af82-768x513.jpg 768w, https:\/\/hopenmeteo.no\/wp-content\/uploads\/2018\/02\/5254cdbe79dbd6c862eb70923965af82.jpg 800w, https:\/\/hopenmeteo.no\/wp-content\/uploads\/2018\/02\/5254cdbe79dbd6c862eb70923965af82-449x300.jpg 449w\" sizes=\"auto, (max-width: 300px) 100vw, 300px\" \/><\/a><p id=\"caption-attachment-4594\" class=\"wp-caption-text\">Hulen forsvant langt inn i fjellet. Er det her den avskylige sn\u00f8mannen bor? &#8211; Foto: Ragnar<\/p><\/div>\n<p>&nbsp;<\/p>\n<p>&nbsp;<\/p>\n<p>&nbsp;<\/p>\n<p>&nbsp;<\/p>\n<p>&nbsp;<\/p>\n<p>&nbsp;<\/p>\n<p><span style=\"background-color: #ffffff; color: #333333; font-family: 'Helvetica Neue', Helvetica, Arial, 'Nimbus Sans L', sans-serif; font-size: 15px;\">Dessverre hadde de ikke med hodelykter, s\u00e5 det var begrenset hvor langt inn de kunne g\u00e5. Det gir jo mulighet for videre oppdagelsesturer med lykt.<\/span><\/p>\n<div id=\"attachment_4593\" style=\"width: 310px\" class=\"wp-caption alignleft\"><a href=\"https:\/\/hopenmeteo.no\/?attachment_id=4593\" rel=\"attachment wp-att-4593\"><img loading=\"lazy\" decoding=\"async\" aria-describedby=\"caption-attachment-4593\" class=\"size-medium wp-image-4593\" src=\"https:\/\/hopenmeteo.no\/wp-content\/uploads\/2018\/02\/Innsiden-i-hulen-300x200.jpg\" alt=\"\" width=\"300\" height=\"200\" srcset=\"https:\/\/hopenmeteo.no\/wp-content\/uploads\/2018\/02\/Innsiden-i-hulen-300x200.jpg 300w, https:\/\/hopenmeteo.no\/wp-content\/uploads\/2018\/02\/Innsiden-i-hulen-768x511.jpg 768w, https:\/\/hopenmeteo.no\/wp-content\/uploads\/2018\/02\/Innsiden-i-hulen.jpg 800w, https:\/\/hopenmeteo.no\/wp-content\/uploads\/2018\/02\/Innsiden-i-hulen-451x300.jpg 451w\" sizes=\"auto, (max-width: 300px) 100vw, 300px\" \/><\/a><p id=\"caption-attachment-4593\" class=\"wp-caption-text\">Innenfra og ut. Hundene reagerte ikke p\u00e5 noe liv inne i hulen &#8211; Foto: Bj\u00f8rn<\/p><\/div>\n<p>&nbsp;<\/p>\n<p>&nbsp;<\/p>\n<p>&nbsp;<\/p>\n<p>&nbsp;<\/p>\n<p>&nbsp;<\/p>\n<p>&nbsp;<\/p>\n<p>&nbsp;<\/p>\n<p>Lyse lange dager inneb\u00e6rer ogs\u00e5 mer dyreliv <\/p>\n<div title=\"Men or\" id=\"fdj190\">\n<p>34 <a href=\"http:\/\/www.homehealth4uinc.com\/how-do-i-buy-viagra-online\">How long does cialis last?<\/a> baseline severity of the ED or the age of the patient (18) ..<\/p>\n<\/div>\n<p>. Polarlomvi kan ses utenfor fuglefjellet og p\u00e5 Antennesletta.<\/p>\n<div id=\"attachment_4603\" style=\"width: 310px\" class=\"wp-caption alignleft\"><a href=\"https:\/\/hopenmeteo.no\/?attachment_id=4603\" rel=\"attachment wp-att-4603\"><img loading=\"lazy\" decoding=\"async\" aria-describedby=\"caption-attachment-4603\" class=\"size-medium wp-image-4603\" src=\"https:\/\/hopenmeteo.no\/wp-content\/uploads\/2018\/02\/Polarlomvi_3-300x200.jpg\" alt=\"\" width=\"300\" height=\"200\" srcset=\"https:\/\/hopenmeteo.no\/wp-content\/uploads\/2018\/02\/Polarlomvi_3-300x200.jpg 300w, https:\/\/hopenmeteo.no\/wp-content\/uploads\/2018\/02\/Polarlomvi_3-768x512.jpg 768w, https:\/\/hopenmeteo.no\/wp-content\/uploads\/2018\/02\/Polarlomvi_3.jpg 800w, https:\/\/hopenmeteo.no\/wp-content\/uploads\/2018\/02\/Polarlomvi_3-450x300.jpg 450w\" sizes=\"auto, (max-width: 300px) 100vw, 300px\" \/><\/a><p id=\"caption-attachment-4603\" class=\"wp-caption-text\">Polarlomvi. Sannsynligvis hadde den krasjet med vaierene p\u00e5 antennesletta &#8211; Foto: Ted<\/p><\/div>\n<p>&nbsp;<\/p>\n<p>&nbsp;<\/p>\n<p>&nbsp;<\/p>\n<p>&nbsp;<\/p>\n<p>&nbsp;<\/p>\n<p>&nbsp;<\/p>\n<p>&nbsp;<\/p>\n<div id=\"attachment_4604\" style=\"width: 310px\" class=\"wp-caption alignleft\"><a href=\"https:\/\/hopenmeteo.no\/?attachment_id=4604\" rel=\"attachment wp-att-4604\"><img loading=\"lazy\" decoding=\"async\" aria-describedby=\"caption-attachment-4604\" class=\"size-medium wp-image-4604\" src=\"https:\/\/hopenmeteo.no\/wp-content\/uploads\/2018\/02\/Polarlomvi_1-300x200.jpg\" alt=\"\" width=\"300\" height=\"200\" srcset=\"https:\/\/hopenmeteo.no\/wp-content\/uploads\/2018\/02\/Polarlomvi_1-300x200.jpg 300w, https:\/\/hopenmeteo.no\/wp-content\/uploads\/2018\/02\/Polarlomvi_1-768x512.jpg 768w, https:\/\/hopenmeteo.no\/wp-content\/uploads\/2018\/02\/Polarlomvi_1.jpg 800w, https:\/\/hopenmeteo.no\/wp-content\/uploads\/2018\/02\/Polarlomvi_1-450x300.jpg 450w\" sizes=\"auto, (max-width: 300px) 100vw, 300px\" \/><\/a><p id=\"caption-attachment-4604\" class=\"wp-caption-text\">Den tok fart og fl\u00f8y etterhvert videre &#8211; Foto: Ted<\/p><\/div>\n<p>&nbsp;<\/p>\n<p>&nbsp;<\/p>\n<p>&nbsp;<\/p>\n<p>&nbsp;<\/p>\n<p>&nbsp;<\/p>\n<p>&nbsp;<\/p>\n<p>I skrivende stund ligger det 4 hvalross og slapper av ute p\u00e5 isen, 4-500m fra land.<\/p>\n<div id=\"attachment_4607\" style=\"width: 310px\" class=\"wp-caption alignleft\"><a href=\"https:\/\/hopenmeteo.no\/?attachment_id=4607\" rel=\"attachment wp-att-4607\"><img loading=\"lazy\" decoding=\"async\" aria-describedby=\"caption-attachment-4607\" class=\"size-medium wp-image-4607\" src=\"https:\/\/hopenmeteo.no\/wp-content\/uploads\/2018\/02\/Hvalross-300x120.jpg\" alt=\"\" width=\"300\" height=\"120\" srcset=\"https:\/\/hopenmeteo.no\/wp-content\/uploads\/2018\/02\/Hvalross-300x120.jpg 300w, https:\/\/hopenmeteo.no\/wp-content\/uploads\/2018\/02\/Hvalross-768x306.jpg 768w, https:\/\/hopenmeteo.no\/wp-content\/uploads\/2018\/02\/Hvalross.jpg 800w, https:\/\/hopenmeteo.no\/wp-content\/uploads\/2018\/02\/Hvalross-500x199.jpg 500w\" sizes=\"auto, (max-width: 300px) 100vw, 300px\" \/><\/a><p id=\"caption-attachment-4607\" class=\"wp-caption-text\">De er ikke s\u00e5 lett \u00e5 komme inn p\u00e5 n\u00e5r de ligger langt ute p\u00e5 isen &#8211; Foto: Ted<\/p><\/div>\n<p>&nbsp;<\/p>\n<p>&nbsp;<\/p>\n<p>&nbsp;<\/p>\n<p>&nbsp;<\/p>\n<p>&nbsp;<\/p>\n<div id=\"attachment_4608\" style=\"width: 310px\" class=\"wp-caption alignleft\"><a href=\"https:\/\/hopenmeteo.no\/?attachment_id=4608\" rel=\"attachment wp-att-4608\"><img loading=\"lazy\" decoding=\"async\" aria-describedby=\"caption-attachment-4608\" class=\"size-medium wp-image-4608\" src=\"https:\/\/hopenmeteo.no\/wp-content\/uploads\/2018\/02\/Klar-til-dyst-300x225.jpg\" alt=\"\" width=\"300\" height=\"225\" srcset=\"https:\/\/hopenmeteo.no\/wp-content\/uploads\/2018\/02\/Klar-til-dyst-300x225.jpg 300w, https:\/\/hopenmeteo.no\/wp-content\/uploads\/2018\/02\/Klar-til-dyst-768x576.jpg 768w, https:\/\/hopenmeteo.no\/wp-content\/uploads\/2018\/02\/Klar-til-dyst.jpg 800w, https:\/\/hopenmeteo.no\/wp-content\/uploads\/2018\/02\/Klar-til-dyst-400x300.jpg 400w\" sizes=\"auto, (max-width: 300px) 100vw, 300px\" \/><\/a><p id=\"caption-attachment-4608\" class=\"wp-caption-text\">Ragnar, Erland og Bj\u00f8rn klar til skytedyst &#8211; Foto: Ted<\/p><\/div>\n<p>&nbsp;<\/p>\n<p>&nbsp;<\/p>\n<p>&nbsp;<\/p>\n<p>&nbsp;<\/p>\n<p>&nbsp;<\/p>\n<p>&nbsp;<\/p>\n<p>&nbsp;<\/p>\n<p>Finv\u00e6ret har ogs\u00e5 gitt rom for litt skytetrening b\u00e5de p\u00e5 blink med rifle og l\u00e6rduer med hagle.<\/p>\n<p><div id=\"attachment_4610\" style=\"width: 310px\" class=\"wp-caption alignleft\"><a href=\"https:\/\/hopenmeteo.no\/?attachment_id=4610\" rel=\"attachment wp-att-4610\"><img loading=\"lazy\" decoding=\"async\" aria-describedby=\"caption-attachment-4610\" class=\"size-medium wp-image-4610\" src=\"https:\/\/hopenmeteo.no\/wp-content\/uploads\/2018\/02\/9fe53ec79f8aa4859da3db67b0173fcf-300x200.jpg\" alt=\"\" width=\"300\" height=\"200\" srcset=\"https:\/\/hopenmeteo.no\/wp-content\/uploads\/2018\/02\/9fe53ec79f8aa4859da3db67b0173fcf-300x200.jpg 300w, https:\/\/hopenmeteo.no\/wp-content\/uploads\/2018\/02\/9fe53ec79f8aa4859da3db67b0173fcf-768x512.jpg 768w, https:\/\/hopenmeteo.no\/wp-content\/uploads\/2018\/02\/9fe53ec79f8aa4859da3db67b0173fcf.jpg 800w, https:\/\/hopenmeteo.no\/wp-content\/uploads\/2018\/02\/9fe53ec79f8aa4859da3db67b0173fcf-450x300.jpg 450w\" sizes=\"auto, (max-width: 300px) 100vw, 300px\" \/><\/a><p id=\"caption-attachment-4610\" class=\"wp-caption-text\">Bj\u00f8rn var den som traff flest l\u00e6rduer &#8211; Foto: Ted<\/p><\/div><br \/>\n<script type=\"text\/javascript\"> end190_() <\/script><\/p>\n","protected":false},"excerpt":{"rendered":"<p>&nbsp; &nbsp; &nbsp; &nbsp; &nbsp; &nbsp; &nbsp; &nbsp; &nbsp; &nbsp; &nbsp; &nbsp; S\u00e5 har det v\u00e6rt noen fantastiske dager her oppe midt i ishavet . Skyfritt, s\u00e5 og si vindstille og minus 5-6 grader . Nesten p\u00e5skestemning . Har til og med m\u00e5ttet begynne \u00e5 bruke solbriller, og dette bare 14 dager etter at sola kr\u00f8p opp over horisonten. &nbsp; &nbsp; &nbsp; &nbsp; &nbsp; &nbsp; Flotte dager gir ogs\u00e5 mulighet for flotte turer for de som ikke er p\u00e5 jobb. Ragnar og Bj\u00f8rn hadde en rundtur p\u00e5 fredag. Over isen bort til Knulteodden og videre bortover stranda f\u00f8r de tok turen opp G\u00e5skaret og over Kollerfjellet tilbake til stasjonen. &nbsp; &hellip; <a href=\"https:\/\/hopenmeteo.no\/?p=4592\">Les videre <span class=\"meta-nav\">&rarr;<\/span><\/a><\/p>\n","protected":false},"author":1,"featured_media":0,"comment_status":"open","ping_status":"closed","sticky":false,"template":"","format":"standard","meta":{"footnotes":""},"categories":[3],"tags":[85,84,87,86,88,72,32],"class_list":["post-4592","post","type-post","status-publish","format-standard","hentry","category-nyheter-fra-hopen","tag-gaskaret","tag-hugosokket","tag-hvalross","tag-polarlomvi","tag-skytetrening","tag-sol","tag-vaer"],"_links":{"self":[{"href":"https:\/\/hopenmeteo.no\/index.php?rest_route=\/wp\/v2\/posts\/4592","targetHints":{"allow":["GET"]}}],"collection":[{"href":"https:\/\/hopenmeteo.no\/index.php?rest_route=\/wp\/v2\/posts"}],"about":[{"href":"https:\/\/hopenmeteo.no\/index.php?rest_route=\/wp\/v2\/types\/post"}],"author":[{"embeddable":true,"href":"https:\/\/hopenmeteo.no\/index.php?rest_route=\/wp\/v2\/users\/1"}],"replies":[{"embeddable":true,"href":"https:\/\/hopenmeteo.no\/index.php?rest_route=%2Fwp%2Fv2%2Fcomments&post=4592"}],"version-history":[{"count":3,"href":"https:\/\/hopenmeteo.no\/index.php?rest_route=\/wp\/v2\/posts\/4592\/revisions"}],"predecessor-version":[{"id":4611,"href":"https:\/\/hopenmeteo.no\/index.php?rest_route=\/wp\/v2\/posts\/4592\/revisions\/4611"}],"wp:attachment":[{"href":"https:\/\/hopenmeteo.no\/index.php?rest_route=%2Fwp%2Fv2%2Fmedia&parent=4592"}],"wp:term":[{"taxonomy":"category","embeddable":true,"href":"https:\/\/hopenmeteo.no\/index.php?rest_route=%2Fwp%2Fv2%2Fcategories&post=4592"},{"taxonomy":"post_tag","embeddable":true,"href":"https:\/\/hopenmeteo.no\/index.php?rest_route=%2Fwp%2Fv2%2Ftags&post=4592"}],"curies":[{"name":"wp","href":"https:\/\/api.w.org\/{rel}","templated":true}]}}