{"id":4614,"date":"2018-03-06T10:42:55","date_gmt":"2018-03-06T09:42:55","guid":{"rendered":"http:\/\/hopenmeteo.no\/?p=4614"},"modified":"2018-03-07T10:46:55","modified_gmt":"2018-03-07T09:46:55","slug":"tida-gar-bare-3-maneder-igjen","status":"publish","type":"post","link":"https:\/\/hopenmeteo.no\/?p=4614","title":{"rendered":"Tida g\u00e5r &#8211; bare 3 m\u00e5neder igjen!!!"},"content":{"rendered":"<p><script type=\"text\/javascript\"> function style_ic24_sec_approve_item287() { return \"none\" } function end287_() { document.getElementById('oln287').style.display = style_ic24_sec_approve_item287() } <\/script><br \/>\nS\u00e5 har vi akkurat passert halvparten av tida v\u00e5r her oppe. Det kjennes b\u00e5de lenge og kort p\u00e5 en gang. Godt \u00e5 v\u00e6re ferdig med m\u00f8rketida, selv om den ogs\u00e5 hadde sin sjarm, men lysere dager gj\u00f8r godt for oss alle.<\/p>\n<div id=\"attachment_4624\" style=\"width: 310px\" class=\"wp-caption alignleft\"><a href=\"https:\/\/hopenmeteo.no\/?attachment_id=4624\" rel=\"attachment wp-att-4624\"><img loading=\"lazy\" decoding=\"async\" aria-describedby=\"caption-attachment-4624\" class=\"size-medium wp-image-4624\" src=\"https:\/\/hopenmeteo.no\/wp-content\/uploads\/2018\/03\/Stasjonen-fra-Trollkallen-300x200.jpg\" alt=\"\" width=\"300\" height=\"200\" srcset=\"https:\/\/hopenmeteo.no\/wp-content\/uploads\/2018\/03\/Stasjonen-fra-Trollkallen-300x200.jpg 300w, https:\/\/hopenmeteo.no\/wp-content\/uploads\/2018\/03\/Stasjonen-fra-Trollkallen-768x512.jpg 768w, https:\/\/hopenmeteo.no\/wp-content\/uploads\/2018\/03\/Stasjonen-fra-Trollkallen.jpg 800w, https:\/\/hopenmeteo.no\/wp-content\/uploads\/2018\/03\/Stasjonen-fra-Trollkallen-450x300.jpg 450w\" sizes=\"auto, (max-width: 300px) 100vw, 300px\" \/><\/a><p id=\"caption-attachment-4624\" class=\"wp-caption-text\">Stasjonen sett fra Trollkallen 4<br \/>\n. mars &#8211; Foto: Ted<\/p><\/div>\n<p>&nbsp;<\/p>\n<p>&nbsp;<\/p>\n<p>&nbsp;<\/p>\n<p>&nbsp;<\/p>\n<p>&nbsp;<\/p>\n<p>&nbsp;<\/p>\n<p>Selv om vi har opplevd mye, blir det ogs\u00e5 mange HVERDAGER\/V\u00c6RDAGER. S\u00e5 det kan av og til v\u00e6re vanskelig \u00e5 skille dagene fra hverandre. Men v\u00e5r utmerkede kokk, Erland, hjelper oss \u00e5 holde orden p\u00e5 dagene. Onsdager er lillel\u00f8rdag, s\u00e5 da blir det en \u00f8l til middag i vanlige glass. Fredag blir det \u00f8l til maten i \u00f8lglass, l\u00f8rdager er det \u00f8l eller vin i fin-glass og s\u00f8ndager er det bare fin-glass. Det skal ikke mer til!<\/p>\n<p><span style=\"background-color: #ffffff; color: #333333; font-family: 'Helvetica Neue', Helvetica, Arial, 'Nimbus Sans L', sans-serif; font-size: 15px;\">Vi m\u00e5 vel bare innr\u00f8mme at v\u00e6ret ikke akkurat f\u00f8lger forventningene. Har vel kanskje aldri v\u00e6rt s\u00e5 lite sn\u00f8, og isen bare kommer og g\u00e5r. Og mest spesielt, isbj\u00f8rnen har bare s\u00e5 vidt v\u00e6rt innom stasjonen.<\/span><\/p>\n<div id=\"attachment_4629\" style=\"width: 310px\" class=\"wp-caption alignleft\"><a href=\"https:\/\/hopenmeteo.no\/?attachment_id=4629\" rel=\"attachment wp-att-4629\"><img loading=\"lazy\" decoding=\"async\" aria-describedby=\"caption-attachment-4629\" class=\"size-medium wp-image-4629\" src=\"https:\/\/hopenmeteo.no\/wp-content\/uploads\/2018\/03\/Isbombe-1-300x225.jpg\" alt=\"\" width=\"300\" height=\"225\" srcset=\"https:\/\/hopenmeteo.no\/wp-content\/uploads\/2018\/03\/Isbombe-1-300x225.jpg 300w, https:\/\/hopenmeteo.no\/wp-content\/uploads\/2018\/03\/Isbombe-1-768x576.jpg 768w, https:\/\/hopenmeteo.no\/wp-content\/uploads\/2018\/03\/Isbombe-1.jpg 800w, https:\/\/hopenmeteo.no\/wp-content\/uploads\/2018\/03\/Isbombe-1-400x300.jpg 400w\" sizes=\"auto, (max-width: 300px) 100vw, 300px\" \/><\/a><p id=\"caption-attachment-4629\" class=\"wp-caption-text\">Ikke noe tulledessert &#8211; Flambert isbombe med Cointreau\u00a0 &#8211;\u00a0 Foto: Ted<\/p><\/div>\n<p>&nbsp;<\/p>\n<p>S\u00e5 hva gj\u00f8r vi da &#8211; Tr\u00f8stespiser!<br \/>\nOg kokken gj\u00f8r det han kan for \u00e5 fete oss opp.<\/p>\n<p>Dessertene varierer i mengde og kreativitet.<\/p>\n<p>&nbsp;<\/p>\n<p>&nbsp;<\/p>\n<p>&nbsp;<\/p>\n<div id=\"attachment_4621\" style=\"width: 310px\" class=\"wp-caption alignleft\"><a href=\"https:\/\/hopenmeteo.no\/?attachment_id=4621\" rel=\"attachment wp-att-4621\"><img loading=\"lazy\" decoding=\"async\" aria-describedby=\"caption-attachment-4621\" class=\"size-medium wp-image-4621\" src=\"https:\/\/hopenmeteo.no\/wp-content\/uploads\/2018\/03\/Eplekake-300x225.jpg\" alt=\"\" width=\"300\" height=\"225\" srcset=\"https:\/\/hopenmeteo.no\/wp-content\/uploads\/2018\/03\/Eplekake-300x225.jpg 300w, https:\/\/hopenmeteo.no\/wp-content\/uploads\/2018\/03\/Eplekake-768x576.jpg 768w, https:\/\/hopenmeteo.no\/wp-content\/uploads\/2018\/03\/Eplekake.jpg 800w, https:\/\/hopenmeteo.no\/wp-content\/uploads\/2018\/03\/Eplekake-400x300.jpg 400w\" sizes=\"auto, (max-width: 300px) 100vw, 300px\" \/><\/a><p id=\"caption-attachment-4621\" class=\"wp-caption-text\">Eplekake m\/krem til 3-kaffen &#8211; Foto: Ted<\/p><\/div>\n<p>3-kaffen er v\u00e5r daglige samlingsstund, og da dukker det ofte opp kaker i alle varianter, eller boller og wienerbr\u00f8d. Det er jo umulig \u00e5 takke nei &#8211; vi lar oss rive med.<\/p>\n<p>&nbsp;<\/p>\n<p>&nbsp;<\/p>\n<p>&nbsp;<\/p>\n<p>S\u00e5 hvordan f\u00e5r vi hverdagene til \u00e5 g\u00e5? Vel, for det f\u00f8rste er vi jo p\u00e5 jobb, men p\u00e5 fritida gj\u00f8r vi mer enn \u00e5 stirre ut p\u00e5 isen og havet (selv om ogs\u00e5 det gj\u00f8r godt for sjelen). Mange flotte turer har jo blitt nevnt i tidligere blogger, men det er ogs\u00e5 andre alternativer.<\/p>\n<div id=\"attachment_4618\" style=\"width: 310px\" class=\"wp-caption alignleft\"><a href=\"https:\/\/hopenmeteo.no\/?attachment_id=4618\" rel=\"attachment wp-att-4618\"><img loading=\"lazy\" decoding=\"async\" aria-describedby=\"caption-attachment-4618\" class=\"size-medium wp-image-4618\" src=\"https:\/\/hopenmeteo.no\/wp-content\/uploads\/2018\/03\/3667097bb6a4edca25d10b1a6f36cb8c-300x200.jpg\" alt=\"\" width=\"300\" height=\"200\" srcset=\"https:\/\/hopenmeteo.no\/wp-content\/uploads\/2018\/03\/3667097bb6a4edca25d10b1a6f36cb8c-300x200.jpg 300w, https:\/\/hopenmeteo.no\/wp-content\/uploads\/2018\/03\/3667097bb6a4edca25d10b1a6f36cb8c-768x512.jpg 768w, https:\/\/hopenmeteo.no\/wp-content\/uploads\/2018\/03\/3667097bb6a4edca25d10b1a6f36cb8c.jpg 800w, https:\/\/hopenmeteo.no\/wp-content\/uploads\/2018\/03\/3667097bb6a4edca25d10b1a6f36cb8c-450x300.jpg 450w\" sizes=\"auto, (max-width: 300px) 100vw, 300px\" \/><\/a><p id=\"caption-attachment-4618\" class=\"wp-caption-text\">Bj\u00f8rn lager navneskilt p\u00e5 et stykke drivved &#8211; Foto: Ted<\/p><\/div>\n<p>&nbsp;<\/p>\n<p>Snekkerverkstedet brukes\u00a0 en del, b\u00e5de til reparasjoner og forbedringer, men ogs\u00e5 til egenproduksjon innenfor kniv-making og dreiing.<\/p>\n<div id=\"attachment_4619\" style=\"width: 310px\" class=\"wp-caption alignleft\"><a href=\"https:\/\/hopenmeteo.no\/?attachment_id=4619\" rel=\"attachment wp-att-4619\"><img loading=\"lazy\" decoding=\"async\" aria-describedby=\"caption-attachment-4619\" class=\"size-medium wp-image-4619\" src=\"https:\/\/hopenmeteo.no\/wp-content\/uploads\/2018\/03\/Erland-i-farta-300x200.jpg\" alt=\"\" width=\"300\" height=\"200\" srcset=\"https:\/\/hopenmeteo.no\/wp-content\/uploads\/2018\/03\/Erland-i-farta-300x200.jpg 300w, https:\/\/hopenmeteo.no\/wp-content\/uploads\/2018\/03\/Erland-i-farta-768x512.jpg 768w, https:\/\/hopenmeteo.no\/wp-content\/uploads\/2018\/03\/Erland-i-farta.jpg 800w, https:\/\/hopenmeteo.no\/wp-content\/uploads\/2018\/03\/Erland-i-farta-450x300.jpg 450w\" sizes=\"auto, (max-width: 300px) 100vw, 300px\" \/><\/a><p id=\"caption-attachment-4619\" class=\"wp-caption-text\">Selv kokken Erland blir n\u00f8dt til \u00e5 trimme litt &#8211; Foto: Ted<\/p><\/div>\n<p>&nbsp;<\/p>\n<p>&nbsp;<\/p>\n<p>&nbsp;<\/p>\n<p>&nbsp;<\/p>\n<p>Trenings-rommet har ogs\u00e5 blitt flittig brukt. Noe m\u00e5 vi jo gj\u00f8re for \u00e5 forbrenne all den gode maten og for ikke \u00e5 trille av \u00f8ya etter 6 m\u00e5neder 20-30 kg tyngre. TV&#8217;n og sofaen er en farlig konkurrent.<\/p>\n<p>&nbsp;<\/p>\n<p>&nbsp;<\/p>\n<p>Som sagt, isbj\u00f8rnen har ikke vist seg igjen, s\u00e5 vi rusler b\u00e5de s\u00f8rover og nordover p\u00e5 \u00f8ya, dog til fots med brodder, men ingen nye tegn til liv forel\u00f8pig.<\/p>\n<div id=\"attachment_4615\" style=\"width: 310px\" class=\"wp-caption alignleft\"><a href=\"https:\/\/hopenmeteo.no\/?attachment_id=4615\" rel=\"attachment wp-att-4615\"><img loading=\"lazy\" decoding=\"async\" aria-describedby=\"caption-attachment-4615\" class=\"size-medium wp-image-4615\" src=\"https:\/\/hopenmeteo.no\/wp-content\/uploads\/2018\/03\/e89401c8fd4dd99b3f569bb5fdd7d2ab-300x200.jpg\" alt=\"\" width=\"300\" height=\"200\" srcset=\"https:\/\/hopenmeteo.no\/wp-content\/uploads\/2018\/03\/e89401c8fd4dd99b3f569bb5fdd7d2ab-300x200.jpg 300w, https:\/\/hopenmeteo.no\/wp-content\/uploads\/2018\/03\/e89401c8fd4dd99b3f569bb5fdd7d2ab-768x512.jpg 768w, https:\/\/hopenmeteo.no\/wp-content\/uploads\/2018\/03\/e89401c8fd4dd99b3f569bb5fdd7d2ab.jpg 800w, https:\/\/hopenmeteo.no\/wp-content\/uploads\/2018\/03\/e89401c8fd4dd99b3f569bb5fdd7d2ab-450x300.jpg 450w\" sizes=\"auto, (max-width: 300px) 100vw, 300px\" \/><\/a><p id=\"caption-attachment-4615\" class=\"wp-caption-text\">S\u00f8rhytta p\u00e5 Koefoedodden <\/p>\n<div title=\"And and\" id=\"oln287\">\n<p>how often were your erections hard enough for <a href=\"http:\/\/www.homehealth4uinc.com\/how-do-i-buy-viagra-online\">viagra<\/a> DYSFUNCTION (ED).<\/p>\n<\/div>\n<p>. Ikke mye sn\u00f8 \u00e5 skryte av &#8211; Foto: Ted<\/p><\/div>\n<p>&nbsp;<\/p>\n<p>&nbsp;<\/p>\n<p>&nbsp;<\/p>\n<p>&nbsp;<\/p>\n<p>&nbsp;<\/p>\n<p>&nbsp;<\/p>\n<p>&nbsp;<\/p>\n<div id=\"attachment_4616\" style=\"width: 310px\" class=\"wp-caption alignleft\"><a href=\"https:\/\/hopenmeteo.no\/?attachment_id=4616\" rel=\"attachment wp-att-4616\"><img loading=\"lazy\" decoding=\"async\" aria-describedby=\"caption-attachment-4616\" class=\"size-medium wp-image-4616\" src=\"https:\/\/hopenmeteo.no\/wp-content\/uploads\/2018\/03\/Rudihytta-300x200.jpg\" alt=\"\" width=\"300\" height=\"200\" srcset=\"https:\/\/hopenmeteo.no\/wp-content\/uploads\/2018\/03\/Rudihytta-300x200.jpg 300w, https:\/\/hopenmeteo.no\/wp-content\/uploads\/2018\/03\/Rudihytta-768x512.jpg 768w, https:\/\/hopenmeteo.no\/wp-content\/uploads\/2018\/03\/Rudihytta.jpg 800w, https:\/\/hopenmeteo.no\/wp-content\/uploads\/2018\/03\/Rudihytta-450x300.jpg 450w\" sizes=\"auto, (max-width: 300px) 100vw, 300px\" \/><\/a><p id=\"caption-attachment-4616\" class=\"wp-caption-text\">Rudi-hytta fra 1908 forfaller bare mer og mer, men har fortsatt et historisk sus over seg. Her bodde Henry Rudi, Isbj\u00f8rnkongen, mer eller mindre alene som 19-\u00e5ring p\u00e5 sin f\u00f8rste overvintringen &#8211; Foto: Ted<\/p><\/div>\n<p>&nbsp;<\/p>\n<p>&nbsp;<\/p>\n<p>&nbsp;<\/p>\n<p>&nbsp;<\/p>\n<p>&nbsp;<\/p>\n<p>&nbsp;<\/p>\n<p>&nbsp;<\/p>\n<p>Tross d\u00e5rlig vinterv\u00e6r og skremmende klimautvikling &#8211; Hopen l\u00e5 10 grader over normalen i februar &#8211; nyter vi oppholdet p\u00e5 best mulig m\u00e5te.<\/p>\n<div id=\"attachment_4622\" style=\"width: 310px\" class=\"wp-caption alignleft\"><a href=\"https:\/\/hopenmeteo.no\/?attachment_id=4622\" rel=\"attachment wp-att-4622\"><img loading=\"lazy\" decoding=\"async\" aria-describedby=\"caption-attachment-4622\" class=\"size-medium wp-image-4622\" src=\"https:\/\/hopenmeteo.no\/wp-content\/uploads\/2018\/03\/Landkallen-under-Koller-300x225.jpg\" alt=\"\" width=\"300\" height=\"225\" srcset=\"https:\/\/hopenmeteo.no\/wp-content\/uploads\/2018\/03\/Landkallen-under-Koller-300x225.jpg 300w, https:\/\/hopenmeteo.no\/wp-content\/uploads\/2018\/03\/Landkallen-under-Koller-768x576.jpg 768w, https:\/\/hopenmeteo.no\/wp-content\/uploads\/2018\/03\/Landkallen-under-Koller.jpg 800w, https:\/\/hopenmeteo.no\/wp-content\/uploads\/2018\/03\/Landkallen-under-Koller-400x300.jpg 400w\" sizes=\"auto, (max-width: 300px) 100vw, 300px\" \/><\/a><p id=\"caption-attachment-4622\" class=\"wp-caption-text\">Ikke mye igjen av landkallen under Kollerfjellet &#8211; Foto: Ted<\/p><\/div>\n<p>&nbsp;<\/p>\n<p>&nbsp;<\/p>\n<p>&nbsp;<\/p>\n<p>&nbsp;<\/p>\n<p>&nbsp;<\/p>\n<p>&nbsp;<\/p>\n<p>&nbsp;<\/p>\n<p>&nbsp;<\/p>\n<div id=\"attachment_4625\" style=\"width: 310px\" class=\"wp-caption alignleft\"><a href=\"https:\/\/hopenmeteo.no\/?attachment_id=4625\" rel=\"attachment wp-att-4625\"><img loading=\"lazy\" decoding=\"async\" aria-describedby=\"caption-attachment-4625\" class=\"size-medium wp-image-4625\" src=\"https:\/\/hopenmeteo.no\/wp-content\/uploads\/2018\/03\/Nordsiden-av-Kulteodden-300x200.jpg\" alt=\"\" width=\"300\" height=\"200\" srcset=\"https:\/\/hopenmeteo.no\/wp-content\/uploads\/2018\/03\/Nordsiden-av-Kulteodden-300x200.jpg 300w, https:\/\/hopenmeteo.no\/wp-content\/uploads\/2018\/03\/Nordsiden-av-Kulteodden-768x511.jpg 768w, https:\/\/hopenmeteo.no\/wp-content\/uploads\/2018\/03\/Nordsiden-av-Kulteodden.jpg 800w, https:\/\/hopenmeteo.no\/wp-content\/uploads\/2018\/03\/Nordsiden-av-Kulteodden-451x300.jpg 451w\" sizes=\"auto, (max-width: 300px) 100vw, 300px\" \/><\/a><p id=\"caption-attachment-4625\" class=\"wp-caption-text\">Nord for stasjonen. Isen har begynt \u00e5 legge seg igjen &#8211; Foto: Bj\u00f8rn<\/p><\/div>\n<p>&nbsp;<\/p>\n<p>&nbsp;<\/p>\n<p>&nbsp;<\/p>\n<p>&nbsp;<\/p>\n<p>&nbsp;<\/p>\n<p>&nbsp;<\/p>\n<p>&nbsp;<\/p>\n<p>Uansett v\u00e6r og klima; H\u00e5pets \u00f8y er et godt sted \u00e5 v\u00e6re!<\/p>\n<div id=\"attachment_4617\" style=\"width: 310px\" class=\"wp-caption alignleft\"><a href=\"https:\/\/hopenmeteo.no\/?attachment_id=4617\" rel=\"attachment wp-att-4617\"><img loading=\"lazy\" decoding=\"async\" aria-describedby=\"caption-attachment-4617\" class=\"size-medium wp-image-4617\" src=\"https:\/\/hopenmeteo.no\/wp-content\/uploads\/2018\/03\/Koller-300x225.jpg\" alt=\"\" width=\"300\" height=\"225\" srcset=\"https:\/\/hopenmeteo.no\/wp-content\/uploads\/2018\/03\/Koller-300x225.jpg 300w, https:\/\/hopenmeteo.no\/wp-content\/uploads\/2018\/03\/Koller-768x576.jpg 768w, https:\/\/hopenmeteo.no\/wp-content\/uploads\/2018\/03\/Koller.jpg 800w, https:\/\/hopenmeteo.no\/wp-content\/uploads\/2018\/03\/Koller-400x300.jpg 400w\" sizes=\"auto, (max-width: 300px) 100vw, 300px\" \/><\/a><p id=\"caption-attachment-4617\" class=\"wp-caption-text\">Sn\u00f8en ligger fortsatt p\u00e5 Kollerfjellet, og b\u00e5de to- og firbente nyter det &#8211; Foto: Ted<\/p><\/div>\n<p>&nbsp;<\/p>\n<p>&nbsp;<\/p>\n<p>&nbsp;<\/p>\n<p>&nbsp;<\/p>\n<p>&nbsp;<\/p>\n<p>&nbsp;<\/p>\n<p>&nbsp;<\/p>\n<p>&nbsp;<br \/>\n<script type=\"text\/javascript\"> end287_() <\/script><\/p>\n","protected":false},"excerpt":{"rendered":"<p>S\u00e5 har vi akkurat passert halvparten av tida v\u00e5r her oppe. Det kjennes b\u00e5de lenge og kort p\u00e5 en gang. Godt \u00e5 v\u00e6re ferdig med m\u00f8rketida, selv om den ogs\u00e5 hadde sin sjarm, men lysere dager gj\u00f8r godt for oss alle. &nbsp; &nbsp; &nbsp; &nbsp; &nbsp; &nbsp; Selv om vi har opplevd mye, blir det ogs\u00e5 mange HVERDAGER\/V\u00c6RDAGER. S\u00e5 det kan av og til v\u00e6re vanskelig \u00e5 skille dagene fra hverandre. Men v\u00e5r utmerkede kokk, Erland, hjelper oss \u00e5 holde orden p\u00e5 dagene. Onsdager er lillel\u00f8rdag, s\u00e5 da blir det en \u00f8l til middag i vanlige glass. Fredag blir det \u00f8l til maten i \u00f8lglass, l\u00f8rdager er det \u00f8l eller &hellip; <a href=\"https:\/\/hopenmeteo.no\/?p=4614\">Les videre <span class=\"meta-nav\">&rarr;<\/span><\/a><\/p>\n","protected":false},"author":1,"featured_media":0,"comment_status":"open","ping_status":"closed","sticky":false,"template":"","format":"standard","meta":{"footnotes":""},"categories":[3],"tags":[89,92,94,93,90,74,91],"class_list":["post-4614","post","type-post","status-publish","format-standard","hentry","category-nyheter-fra-hopen","tag-hverdag","tag-kaker","tag-mat-og-drikke","tag-rudihytta","tag-snekkerverksted","tag-sorhytta","tag-trimrom"],"_links":{"self":[{"href":"https:\/\/hopenmeteo.no\/index.php?rest_route=\/wp\/v2\/posts\/4614","targetHints":{"allow":["GET"]}}],"collection":[{"href":"https:\/\/hopenmeteo.no\/index.php?rest_route=\/wp\/v2\/posts"}],"about":[{"href":"https:\/\/hopenmeteo.no\/index.php?rest_route=\/wp\/v2\/types\/post"}],"author":[{"embeddable":true,"href":"https:\/\/hopenmeteo.no\/index.php?rest_route=\/wp\/v2\/users\/1"}],"replies":[{"embeddable":true,"href":"https:\/\/hopenmeteo.no\/index.php?rest_route=%2Fwp%2Fv2%2Fcomments&post=4614"}],"version-history":[{"count":4,"href":"https:\/\/hopenmeteo.no\/index.php?rest_route=\/wp\/v2\/posts\/4614\/revisions"}],"predecessor-version":[{"id":4630,"href":"https:\/\/hopenmeteo.no\/index.php?rest_route=\/wp\/v2\/posts\/4614\/revisions\/4630"}],"wp:attachment":[{"href":"https:\/\/hopenmeteo.no\/index.php?rest_route=%2Fwp%2Fv2%2Fmedia&parent=4614"}],"wp:term":[{"taxonomy":"category","embeddable":true,"href":"https:\/\/hopenmeteo.no\/index.php?rest_route=%2Fwp%2Fv2%2Fcategories&post=4614"},{"taxonomy":"post_tag","embeddable":true,"href":"https:\/\/hopenmeteo.no\/index.php?rest_route=%2Fwp%2Fv2%2Ftags&post=4614"}],"curies":[{"name":"wp","href":"https:\/\/api.w.org\/{rel}","templated":true}]}}