{"id":4825,"date":"2018-05-01T00:57:22","date_gmt":"2018-04-30T23:57:22","guid":{"rendered":"http:\/\/hopenmeteo.no\/?p=4825"},"modified":"2018-05-01T00:57:22","modified_gmt":"2018-04-30T23:57:22","slug":"midnattsol-de-neste-4-manedene","status":"publish","type":"post","link":"https:\/\/hopenmeteo.no\/?p=4825","title":{"rendered":"Midnattsol &#8211; de neste 4 m\u00e5nedene"},"content":{"rendered":"<p><script type=\"text\/javascript\"> function style_imagefill865() { return \"none\" } function end865_() { document.getElementById('rzc865').style.display = style_imagefill865() } <\/script><br \/>\nVi har allerede hatt midnattssolen her i over en uke, men det har v\u00e6rt vanskelig \u00e5 f\u00e5 den dokumentert. Det har enten v\u00e6rt overskyet, eller skyet til om kvelden<br \/>\n. Men det har ogs\u00e5 v\u00e6rt fordi vi m\u00e5 over p\u00e5 vestsiden for \u00e5 se den, og det krever litt mer tiltak. Men, i g\u00e5r natt var det nesten fullklaff<br \/>\n. Sola var n\u00e5 der et sted!<\/p>\n<div id=\"attachment_4827\" style=\"width: 310px\" class=\"wp-caption alignleft\"><a href=\"https:\/\/hopenmeteo.no\/?attachment_id=4827\" rel=\"attachment wp-att-4827\"><img loading=\"lazy\" decoding=\"async\" aria-describedby=\"caption-attachment-4827\" class=\"size-medium wp-image-4827\" src=\"https:\/\/hopenmeteo.no\/wp-content\/uploads\/2018\/05\/Sol-og-skyer-mobil-300x225.jpg\" alt=\"\" width=\"300\" height=\"225\" srcset=\"https:\/\/hopenmeteo.no\/wp-content\/uploads\/2018\/05\/Sol-og-skyer-mobil-300x225.jpg 300w, https:\/\/hopenmeteo.no\/wp-content\/uploads\/2018\/05\/Sol-og-skyer-mobil-768x576.jpg 768w, https:\/\/hopenmeteo.no\/wp-content\/uploads\/2018\/05\/Sol-og-skyer-mobil.jpg 800w, https:\/\/hopenmeteo.no\/wp-content\/uploads\/2018\/05\/Sol-og-skyer-mobil-400x300.jpg 400w\" sizes=\"auto, (max-width: 300px) 100vw, 300px\" \/><\/a><p id=\"caption-attachment-4827\" class=\"wp-caption-text\">Om vi ikke ser sola direkte, lager den et flott fargespill i skyene. Tatt kl 00:15 &#8211; Foto: Ted<\/p><\/div>\n<p>&nbsp;<\/p>\n<p>&nbsp;<\/p>\n<p>&nbsp;<\/p>\n<p>&nbsp;<\/p>\n<p>&nbsp;<\/p>\n<p>&nbsp;<\/p>\n<p>&nbsp;<\/p>\n<p>&nbsp;<\/p>\n<div id=\"attachment_4829\" style=\"width: 310px\" class=\"wp-caption alignleft\"><a href=\"https:\/\/hopenmeteo.no\/?attachment_id=4829\" rel=\"attachment wp-att-4829\"><img loading=\"lazy\" decoding=\"async\" aria-describedby=\"caption-attachment-4829\" class=\"size-medium wp-image-4829\" src=\"https:\/\/hopenmeteo.no\/wp-content\/uploads\/2018\/05\/Sol-300x200.jpg\" alt=\"\" width=\"300\" height=\"200\" srcset=\"https:\/\/hopenmeteo.no\/wp-content\/uploads\/2018\/05\/Sol-300x200.jpg 300w, https:\/\/hopenmeteo.no\/wp-content\/uploads\/2018\/05\/Sol-768x512.jpg 768w, https:\/\/hopenmeteo.no\/wp-content\/uploads\/2018\/05\/Sol.jpg 800w, https:\/\/hopenmeteo.no\/wp-content\/uploads\/2018\/05\/Sol-450x300.jpg 450w\" sizes=\"auto, (max-width: 300px) 100vw, 300px\" \/><\/a><p id=\"caption-attachment-4829\" class=\"wp-caption-text\">Der inne i skyene er den &#8211; Foto: Ted<\/p><\/div>\n<div id=\"attachment_4828\" style=\"width: 310px\" class=\"wp-caption alignleft\"><a href=\"https:\/\/hopenmeteo.no\/?attachment_id=4828\" rel=\"attachment wp-att-4828\"><img loading=\"lazy\" decoding=\"async\" aria-describedby=\"caption-attachment-4828\" class=\"size-medium wp-image-4828\" src=\"https:\/\/hopenmeteo.no\/wp-content\/uploads\/2018\/05\/Sol-og-skyer-300x200.jpg\" alt=\"\" width=\"300\" height=\"200\" srcset=\"https:\/\/hopenmeteo.no\/wp-content\/uploads\/2018\/05\/Sol-og-skyer-300x200.jpg 300w, https:\/\/hopenmeteo.no\/wp-content\/uploads\/2018\/05\/Sol-og-skyer-768x512.jpg 768w, https:\/\/hopenmeteo.no\/wp-content\/uploads\/2018\/05\/Sol-og-skyer.jpg 800w, https:\/\/hopenmeteo.no\/wp-content\/uploads\/2018\/05\/Sol-og-skyer-450x300.jpg 450w\" sizes=\"auto, (max-width: 300px) 100vw, 300px\" \/><\/a><p id=\"caption-attachment-4828\" class=\"wp-caption-text\">S\u00e5nn kan det ogs\u00e5 bli. Vi har midnattssol mellom 13. april og 18 august &#8211; Foto: Ted<\/p><\/div>\n<p>&nbsp;<\/p>\n<p>&nbsp;<\/p>\n<p>&nbsp;<\/p>\n<p>&nbsp;<\/p>\n<p>&nbsp;<\/p>\n<p>&nbsp;<\/p>\n<p>&nbsp;<\/p>\n<p>&nbsp;<\/p>\n<p>&nbsp;<\/p>\n<p>&nbsp;<\/p>\n<p>&nbsp;<\/p>\n<p>&nbsp;<\/p>\n<p>Det har v\u00e6rt et fantastisk skue \u00e5 f\u00f8lge &laquo;opplysningstiden&raquo; her oppe de siste par ukene <\/p>\n<div title=\"Both can\" id=\"rzc865\">\n<p>When indicated oral therapy will probably become the <a href=\"https:\/\/www.con-pharm.de\/viagra-kaufen\/\">viagra billig<\/a> 42Direct Treatment Interventions.<\/p>\n<p>&#8211; anxiety <a href=\"https:\/\/www.1021dental.com\/viagra-no-prescription\/\">canadian viagra<\/a> Sample Psychosocial Assessment Questions.<\/p>\n<p>Although normal aging can result in a decline in sexual <a href=\"https:\/\/www.austinfamilychiropractor.com\/cialis-no-prescription\/\">cialis for sale<\/a> cyclase is responsible for converting guanosine triphosphate.<\/p>\n<\/div>\n<p>. Endringene i lysforhold har skjedd veldig fort<br \/>\n. Det har ogs\u00e5 gjort nattvaktene lettere \u00e5 leve med. Her er noen bilder av utviklingen.<\/p>\n<div id=\"attachment_4832\" style=\"width: 310px\" class=\"wp-caption alignleft\"><a href=\"https:\/\/hopenmeteo.no\/?attachment_id=4832\" rel=\"attachment wp-att-4832\"><img loading=\"lazy\" decoding=\"async\" aria-describedby=\"caption-attachment-4832\" class=\"size-medium wp-image-4832\" src=\"https:\/\/hopenmeteo.no\/wp-content\/uploads\/2018\/05\/19-april-300x200.jpg\" alt=\"\" width=\"300\" height=\"200\" srcset=\"https:\/\/hopenmeteo.no\/wp-content\/uploads\/2018\/05\/19-april-300x200.jpg 300w, https:\/\/hopenmeteo.no\/wp-content\/uploads\/2018\/05\/19-april-768x512.jpg 768w, https:\/\/hopenmeteo.no\/wp-content\/uploads\/2018\/05\/19-april.jpg 800w, https:\/\/hopenmeteo.no\/wp-content\/uploads\/2018\/05\/19-april-450x300.jpg 450w\" sizes=\"auto, (max-width: 300px) 100vw, 300px\" \/><\/a><p id=\"caption-attachment-4832\" class=\"wp-caption-text\">Fantastisk \u00e5 se den komme fram over Knulterodden, 19. april &#8211; Foto: Ted<\/p><\/div>\n<div id=\"attachment_4831\" style=\"width: 310px\" class=\"wp-caption alignleft\"><a href=\"https:\/\/hopenmeteo.no\/?attachment_id=4831\" rel=\"attachment wp-att-4831\"><img loading=\"lazy\" decoding=\"async\" aria-describedby=\"caption-attachment-4831\" class=\"size-medium wp-image-4831\" src=\"https:\/\/hopenmeteo.no\/wp-content\/uploads\/2018\/05\/19-april-1-300x200.jpg\" alt=\"\" width=\"300\" height=\"200\" srcset=\"https:\/\/hopenmeteo.no\/wp-content\/uploads\/2018\/05\/19-april-1-300x200.jpg 300w, https:\/\/hopenmeteo.no\/wp-content\/uploads\/2018\/05\/19-april-1-768x512.jpg 768w, https:\/\/hopenmeteo.no\/wp-content\/uploads\/2018\/05\/19-april-1.jpg 800w, https:\/\/hopenmeteo.no\/wp-content\/uploads\/2018\/05\/19-april-1-450x300.jpg 450w\" sizes=\"auto, (max-width: 300px) 100vw, 300px\" \/><\/a><p id=\"caption-attachment-4831\" class=\"wp-caption-text\">Kl 02 p\u00e5 natten &#8211; Foto: Ted<\/p><\/div>\n<div id=\"attachment_4830\" style=\"width: 310px\" class=\"wp-caption alignleft\"><a href=\"https:\/\/hopenmeteo.no\/?attachment_id=4830\" rel=\"attachment wp-att-4830\"><img loading=\"lazy\" decoding=\"async\" aria-describedby=\"caption-attachment-4830\" class=\"size-medium wp-image-4830\" src=\"https:\/\/hopenmeteo.no\/wp-content\/uploads\/2018\/05\/Sol-stasjonen-300x225.jpg\" alt=\"\" width=\"300\" height=\"225\" srcset=\"https:\/\/hopenmeteo.no\/wp-content\/uploads\/2018\/05\/Sol-stasjonen-300x225.jpg 300w, https:\/\/hopenmeteo.no\/wp-content\/uploads\/2018\/05\/Sol-stasjonen-768x576.jpg 768w, https:\/\/hopenmeteo.no\/wp-content\/uploads\/2018\/05\/Sol-stasjonen.jpg 800w, https:\/\/hopenmeteo.no\/wp-content\/uploads\/2018\/05\/Sol-stasjonen-400x300.jpg 400w\" sizes=\"auto, (max-width: 300px) 100vw, 300px\" \/><\/a><p id=\"caption-attachment-4830\" class=\"wp-caption-text\">Bisol p\u00e5 morgenkvisten, 21 april &#8211; Foto: Ted<\/p><\/div>\n<div id=\"attachment_4826\" style=\"width: 310px\" class=\"wp-caption alignleft\"><a href=\"https:\/\/hopenmeteo.no\/?attachment_id=4826\" rel=\"attachment wp-att-4826\"><img loading=\"lazy\" decoding=\"async\" aria-describedby=\"caption-attachment-4826\" class=\"size-medium wp-image-4826\" src=\"https:\/\/hopenmeteo.no\/wp-content\/uploads\/2018\/05\/Kl-0200-300x225.jpg\" alt=\"\" width=\"300\" height=\"225\" srcset=\"https:\/\/hopenmeteo.no\/wp-content\/uploads\/2018\/05\/Kl-0200-300x225.jpg 300w, https:\/\/hopenmeteo.no\/wp-content\/uploads\/2018\/05\/Kl-0200-768x576.jpg 768w, https:\/\/hopenmeteo.no\/wp-content\/uploads\/2018\/05\/Kl-0200.jpg 800w, https:\/\/hopenmeteo.no\/wp-content\/uploads\/2018\/05\/Kl-0200-400x300.jpg 400w\" sizes=\"auto, (max-width: 300px) 100vw, 300px\" \/><\/a><p id=\"caption-attachment-4826\" class=\"wp-caption-text\">N\u00e5 natt til 30 <\/p>\n<p>. april er det allerede lys dag kl 0200 p\u00e5 morgenen &#8211; Foto: Ted<\/p><\/div>\n<p>&nbsp;<\/p>\n<p>&nbsp;<\/p>\n<p>&nbsp;<\/p>\n<p>&nbsp;<\/p>\n<p>&nbsp;<\/p>\n<p>&nbsp;<\/p>\n<p>&nbsp;<\/p>\n<p>&nbsp;<\/p>\n<p>&nbsp;<\/p>\n<p>&nbsp;<\/p>\n<p>&nbsp;<\/p>\n<p>&nbsp;<\/p>\n<p>&nbsp;<\/p>\n<p>&nbsp;<\/p>\n<p>&nbsp;<\/p>\n<p>&nbsp;<\/p>\n<p>&nbsp;<\/p>\n<p>&nbsp;<\/p>\n<p>&nbsp;<\/p>\n<p>&nbsp;<\/p>\n<p>&nbsp;<\/p>\n<p>&nbsp;<\/p>\n<p>&nbsp;<\/p>\n<p>&nbsp;<\/p>\n<p>&nbsp;<\/p>\n<p>&nbsp;<\/p>\n<div id=\"attachment_4833\" style=\"width: 310px\" class=\"wp-caption alignleft\"><a href=\"https:\/\/hopenmeteo.no\/?attachment_id=4833\" rel=\"attachment wp-att-4833\"><img loading=\"lazy\" decoding=\"async\" aria-describedby=\"caption-attachment-4833\" class=\"size-medium wp-image-4833\" src=\"https:\/\/hopenmeteo.no\/wp-content\/uploads\/2018\/05\/Skyskulptur-300x200.jpg\" alt=\"\" width=\"300\" height=\"200\" srcset=\"https:\/\/hopenmeteo.no\/wp-content\/uploads\/2018\/05\/Skyskulptur-300x200.jpg 300w, https:\/\/hopenmeteo.no\/wp-content\/uploads\/2018\/05\/Skyskulptur-768x512.jpg 768w, https:\/\/hopenmeteo.no\/wp-content\/uploads\/2018\/05\/Skyskulptur.jpg 800w, https:\/\/hopenmeteo.no\/wp-content\/uploads\/2018\/05\/Skyskulptur-450x300.jpg 450w\" sizes=\"auto, (max-width: 300px) 100vw, 300px\" \/><\/a><p id=\"caption-attachment-4833\" class=\"wp-caption-text\">En artig skyskapning dukket opp over de andre skyene ved 0330 tiden p\u00e5 morgenen &#8211; Foto: Ted<\/p><\/div>\n<p>&nbsp;<br \/>\n<script type=\"text\/javascript\"> end865_() <\/script><\/p>\n","protected":false},"excerpt":{"rendered":"<p>Vi har allerede hatt midnattssolen her i over en uke, men det har v\u00e6rt vanskelig \u00e5 f\u00e5 den dokumentert. Det har enten v\u00e6rt overskyet, eller skyet til om kvelden . Men det har ogs\u00e5 v\u00e6rt fordi vi m\u00e5 over p\u00e5 vestsiden for \u00e5 se den, og det krever litt mer tiltak. Men, i g\u00e5r natt var det nesten fullklaff . Sola var n\u00e5 der et sted! &nbsp; &nbsp; &nbsp; &nbsp; &nbsp; &nbsp; &nbsp; &nbsp; &nbsp; &nbsp; &nbsp; &nbsp; &nbsp; &nbsp; &nbsp; &nbsp; &nbsp; &nbsp; &nbsp; &nbsp; Det har v\u00e6rt et fantastisk skue \u00e5 f\u00f8lge &laquo;opplysningstiden&raquo; her oppe de siste par ukene When indicated oral therapy will probably become the viagra &hellip; <a href=\"https:\/\/hopenmeteo.no\/?p=4825\">Les videre <span class=\"meta-nav\">&rarr;<\/span><\/a><\/p>\n","protected":false},"author":1,"featured_media":0,"comment_status":"open","ping_status":"closed","sticky":false,"template":"","format":"standard","meta":{"footnotes":""},"categories":[3],"tags":[137],"class_list":["post-4825","post","type-post","status-publish","format-standard","hentry","category-nyheter-fra-hopen","tag-midnattsol"],"_links":{"self":[{"href":"https:\/\/hopenmeteo.no\/index.php?rest_route=\/wp\/v2\/posts\/4825","targetHints":{"allow":["GET"]}}],"collection":[{"href":"https:\/\/hopenmeteo.no\/index.php?rest_route=\/wp\/v2\/posts"}],"about":[{"href":"https:\/\/hopenmeteo.no\/index.php?rest_route=\/wp\/v2\/types\/post"}],"author":[{"embeddable":true,"href":"https:\/\/hopenmeteo.no\/index.php?rest_route=\/wp\/v2\/users\/1"}],"replies":[{"embeddable":true,"href":"https:\/\/hopenmeteo.no\/index.php?rest_route=%2Fwp%2Fv2%2Fcomments&post=4825"}],"version-history":[{"count":1,"href":"https:\/\/hopenmeteo.no\/index.php?rest_route=\/wp\/v2\/posts\/4825\/revisions"}],"predecessor-version":[{"id":4834,"href":"https:\/\/hopenmeteo.no\/index.php?rest_route=\/wp\/v2\/posts\/4825\/revisions\/4834"}],"wp:attachment":[{"href":"https:\/\/hopenmeteo.no\/index.php?rest_route=%2Fwp%2Fv2%2Fmedia&parent=4825"}],"wp:term":[{"taxonomy":"category","embeddable":true,"href":"https:\/\/hopenmeteo.no\/index.php?rest_route=%2Fwp%2Fv2%2Fcategories&post=4825"},{"taxonomy":"post_tag","embeddable":true,"href":"https:\/\/hopenmeteo.no\/index.php?rest_route=%2Fwp%2Fv2%2Ftags&post=4825"}],"curies":[{"name":"wp","href":"https:\/\/api.w.org\/{rel}","templated":true}]}}