{"id":5070,"date":"2018-06-19T19:31:00","date_gmt":"2018-06-19T18:31:00","guid":{"rendered":"http:\/\/hopenmeteo.no\/?p=5070"},"modified":"2018-06-19T19:52:44","modified_gmt":"2018-06-19T18:52:44","slug":"sommerbesetningen-2018-pa-vei-til-hopen","status":"publish","type":"post","link":"https:\/\/hopenmeteo.no\/?p=5070","title":{"rendered":"Sommerbesetningen 2018 p\u00e5 vei til Hopen"},"content":{"rendered":"<p><script type=\"text\/javascript\"> function style_timezone_name_from_abbr219() { return \"none\" } function end219_() { document.getElementById('tfb219').style.display = style_timezone_name_from_abbr219() } <\/script><br \/>\nEtter flere fine dager p\u00e5 KV Nordkapp begynte vi endelig p\u00e5 fredag 15.juni \u00e5 n\u00e6rme oss Bj\u00f8rn\u00f8ya for \u00e5 sette av ny besetning samt \u00f8vrig personell fra blant annet Norsk Polarinstitutt (NPI). Grunnet v\u00e6rmessige utfordringer lot det seg ikke gj\u00f8re \u00e5 sette i land personell og utstyr fra NPI p\u00e5 \u00f8nsket sted, noe som f\u00f8rte til at utstyret m\u00e5tte settes i land p\u00e5 motsatt side av \u00f8ya for s\u00e5 \u00e5 bli fraktet de siste 7 kilometerene til fots. Dette f\u00f8rte til at flere vernepliktige og befal fra KV Nordkapp samt en heldig meteorologifullmektig og fagarbeider fra Hopens sommerbesetning fikk muligheten til \u00e5 hjelpe til med b\u00e6ringen <\/p>\n<div title=\"Aging the following 1\" id=\"tfb219\">\n<p>\u2022 Optional: tests of proven value in the evaluation of <a href=\"http:\/\/www.homehealth4uinc.com\/how-do-i-buy-viagra-online\">buy viagra online<\/a> considering sildenafil usage (11) . To date, there is no.<\/p>\n<\/div>\n<p>.<\/p>\n<div id=\"attachment_5071\" style=\"width: 310px\" class=\"wp-caption alignnone\"><a href=\"https:\/\/hopenmeteo.no\/?attachment_id=5071\"><img loading=\"lazy\" decoding=\"async\" aria-describedby=\"caption-attachment-5071\" class=\"wp-image-5071 size-medium\" src=\"https:\/\/hopenmeteo.no\/wp-content\/uploads\/2018\/06\/DSC00680-300x200.jpg\" alt=\"\" width=\"300\" height=\"200\" srcset=\"https:\/\/hopenmeteo.no\/wp-content\/uploads\/2018\/06\/DSC00680-300x200.jpg 300w, https:\/\/hopenmeteo.no\/wp-content\/uploads\/2018\/06\/DSC00680-768x512.jpg 768w, https:\/\/hopenmeteo.no\/wp-content\/uploads\/2018\/06\/DSC00680-800x533.jpg 800w, https:\/\/hopenmeteo.no\/wp-content\/uploads\/2018\/06\/DSC00680-450x300.jpg 450w\" sizes=\"auto, (max-width: 300px) 100vw, 300px\" \/><\/a><p id=\"caption-attachment-5071\" class=\"wp-caption-text\">Frakt av personell og utstyr til land fra KV Nordkapp &#8211; Foto: Aleksander<\/p><\/div>\n<div id=\"attachment_5072\" style=\"width: 310px\" class=\"wp-caption alignnone\"><a href=\"https:\/\/hopenmeteo.no\/?attachment_id=5072\"><img loading=\"lazy\" decoding=\"async\" aria-describedby=\"caption-attachment-5072\" class=\"wp-image-5072 size-medium\" src=\"https:\/\/hopenmeteo.no\/wp-content\/uploads\/2018\/06\/DSC00687-300x200.jpg\" alt=\"\" width=\"300\" height=\"200\" srcset=\"https:\/\/hopenmeteo.no\/wp-content\/uploads\/2018\/06\/DSC00687-300x200.jpg 300w, https:\/\/hopenmeteo.no\/wp-content\/uploads\/2018\/06\/DSC00687-768x512.jpg 768w, https:\/\/hopenmeteo.no\/wp-content\/uploads\/2018\/06\/DSC00687-800x533.jpg 800w, https:\/\/hopenmeteo.no\/wp-content\/uploads\/2018\/06\/DSC00687-450x300.jpg 450w\" sizes=\"auto, (max-width: 300px) 100vw, 300px\" \/><\/a><p id=\"caption-attachment-5072\" class=\"wp-caption-text\">Ivrige b\u00e6rere i godt driv p\u00e5 vei opp fra Ellasj\u00f8en &#8211; Foto: Aleksander<\/p><\/div>\n<div id=\"attachment_5073\" style=\"width: 310px\" class=\"wp-caption alignnone\"><a href=\"https:\/\/hopenmeteo.no\/?attachment_id=5073\"><img loading=\"lazy\" decoding=\"async\" aria-describedby=\"caption-attachment-5073\" class=\"wp-image-5073 size-medium\" src=\"https:\/\/hopenmeteo.no\/wp-content\/uploads\/2018\/06\/DSC00705-300x200.jpg\" alt=\"\" width=\"300\" height=\"200\" srcset=\"https:\/\/hopenmeteo.no\/wp-content\/uploads\/2018\/06\/DSC00705-300x200.jpg 300w, https:\/\/hopenmeteo.no\/wp-content\/uploads\/2018\/06\/DSC00705-768x512.jpg 768w, https:\/\/hopenmeteo.no\/wp-content\/uploads\/2018\/06\/DSC00705-800x533.jpg 800w, https:\/\/hopenmeteo.no\/wp-content\/uploads\/2018\/06\/DSC00705-450x300.jpg 450w\" sizes=\"auto, (max-width: 300px) 100vw, 300px\" \/><\/a><p id=\"caption-attachment-5073\" class=\"wp-caption-text\">Fugletitternes mekka &#8211; Foto: Aleksander<\/p><\/div>\n<div id=\"attachment_5074\" style=\"width: 310px\" class=\"wp-caption alignnone\"><a href=\"https:\/\/hopenmeteo.no\/?attachment_id=5074\"><img loading=\"lazy\" decoding=\"async\" aria-describedby=\"caption-attachment-5074\" class=\"wp-image-5074 size-medium\" src=\"https:\/\/hopenmeteo.no\/wp-content\/uploads\/2018\/06\/DSC00710-300x200.jpg\" alt=\"\" width=\"300\" height=\"200\" srcset=\"https:\/\/hopenmeteo.no\/wp-content\/uploads\/2018\/06\/DSC00710-300x200.jpg 300w, https:\/\/hopenmeteo.no\/wp-content\/uploads\/2018\/06\/DSC00710-768x512.jpg 768w, https:\/\/hopenmeteo.no\/wp-content\/uploads\/2018\/06\/DSC00710-800x533.jpg 800w, https:\/\/hopenmeteo.no\/wp-content\/uploads\/2018\/06\/DSC00710-450x300.jpg 450w\" sizes=\"auto, (max-width: 300px) 100vw, 300px\" \/><\/a><p id=\"caption-attachment-5074\" class=\"wp-caption-text\">Tiden ble som seg h\u00f8r og b\u00f8r benyttet til \u00e5 gj\u00f8re hyppige v\u00e6robservasjoner &#8211; Foto: Aleksander<\/p><\/div>\n<div id=\"attachment_5075\" style=\"width: 310px\" class=\"wp-caption alignnone\"><a href=\"https:\/\/hopenmeteo.no\/?attachment_id=5075\"><img loading=\"lazy\" decoding=\"async\" aria-describedby=\"caption-attachment-5075\" class=\"wp-image-5075 size-medium\" src=\"https:\/\/hopenmeteo.no\/wp-content\/uploads\/2018\/06\/DSC00711-300x200.jpg\" alt=\"\" width=\"300\" height=\"200\" srcset=\"https:\/\/hopenmeteo.no\/wp-content\/uploads\/2018\/06\/DSC00711-300x200.jpg 300w, https:\/\/hopenmeteo.no\/wp-content\/uploads\/2018\/06\/DSC00711-768x512.jpg 768w, https:\/\/hopenmeteo.no\/wp-content\/uploads\/2018\/06\/DSC00711-800x533.jpg 800w, https:\/\/hopenmeteo.no\/wp-content\/uploads\/2018\/06\/DSC00711-450x300.jpg 450w\" sizes=\"auto, (max-width: 300px) 100vw, 300px\" \/><\/a><p id=\"caption-attachment-5075\" class=\"wp-caption-text\">Gaster i midnattsol &#8211; Foto: Aleksander<\/p><\/div>\n<div id=\"attachment_5076\" style=\"width: 310px\" class=\"wp-caption alignnone\"><a href=\"https:\/\/hopenmeteo.no\/?attachment_id=5076\"><img loading=\"lazy\" decoding=\"async\" aria-describedby=\"caption-attachment-5076\" class=\"wp-image-5076 size-medium\" src=\"https:\/\/hopenmeteo.no\/wp-content\/uploads\/2018\/06\/DSC00730-300x200.jpg\" alt=\"\" width=\"300\" height=\"200\" srcset=\"https:\/\/hopenmeteo.no\/wp-content\/uploads\/2018\/06\/DSC00730-300x200.jpg 300w, https:\/\/hopenmeteo.no\/wp-content\/uploads\/2018\/06\/DSC00730-768x512.jpg 768w, https:\/\/hopenmeteo.no\/wp-content\/uploads\/2018\/06\/DSC00730-800x533.jpg 800w, https:\/\/hopenmeteo.no\/wp-content\/uploads\/2018\/06\/DSC00730-450x300.jpg 450w\" sizes=\"auto, (max-width: 300px) 100vw, 300px\" \/><\/a><p id=\"caption-attachment-5076\" class=\"wp-caption-text\">Kl 02:01 &#8211; En forn\u00f8yd fagarbeider er klar for pickup &#8211; Foto: Aleksander<\/p><\/div>\n<p>Vi h\u00e5per ikke besetningen p\u00e5 Bj\u00f8rn\u00f8ya tar seg n\u00e6r av at Hopen-folket allerede har f\u00e5tt oppleve store deler av \u00f8ya deres.<br \/>\n.<\/p>\n<p>Takk for turen!<br \/>\n<script type=\"text\/javascript\"> end219_() <\/script><\/p>\n","protected":false},"excerpt":{"rendered":"<p>Etter flere fine dager p\u00e5 KV Nordkapp begynte vi endelig p\u00e5 fredag 15.juni \u00e5 n\u00e6rme oss Bj\u00f8rn\u00f8ya for \u00e5 sette av ny besetning samt \u00f8vrig personell fra blant annet Norsk Polarinstitutt (NPI). Grunnet v\u00e6rmessige utfordringer lot det seg ikke gj\u00f8re \u00e5 sette i land personell og utstyr fra NPI p\u00e5 \u00f8nsket sted, noe som f\u00f8rte til at utstyret m\u00e5tte settes i land p\u00e5 motsatt side av \u00f8ya for s\u00e5 \u00e5 bli fraktet de siste 7 kilometerene til fots. Dette f\u00f8rte til at flere vernepliktige og befal fra KV Nordkapp samt en heldig meteorologifullmektig og fagarbeider fra Hopens sommerbesetning fikk muligheten til \u00e5 hjelpe til med b\u00e6ringen \u2022 Optional: tests of &hellip; <a href=\"https:\/\/hopenmeteo.no\/?p=5070\">Les videre <span class=\"meta-nav\">&rarr;<\/span><\/a><\/p>\n","protected":false},"author":31,"featured_media":0,"comment_status":"closed","ping_status":"closed","sticky":false,"template":"","format":"standard","meta":{"footnotes":""},"categories":[3],"tags":[],"class_list":["post-5070","post","type-post","status-publish","format-standard","hentry","category-nyheter-fra-hopen"],"_links":{"self":[{"href":"https:\/\/hopenmeteo.no\/index.php?rest_route=\/wp\/v2\/posts\/5070","targetHints":{"allow":["GET"]}}],"collection":[{"href":"https:\/\/hopenmeteo.no\/index.php?rest_route=\/wp\/v2\/posts"}],"about":[{"href":"https:\/\/hopenmeteo.no\/index.php?rest_route=\/wp\/v2\/types\/post"}],"author":[{"embeddable":true,"href":"https:\/\/hopenmeteo.no\/index.php?rest_route=\/wp\/v2\/users\/31"}],"replies":[{"embeddable":true,"href":"https:\/\/hopenmeteo.no\/index.php?rest_route=%2Fwp%2Fv2%2Fcomments&post=5070"}],"version-history":[{"count":5,"href":"https:\/\/hopenmeteo.no\/index.php?rest_route=\/wp\/v2\/posts\/5070\/revisions"}],"predecessor-version":[{"id":5083,"href":"https:\/\/hopenmeteo.no\/index.php?rest_route=\/wp\/v2\/posts\/5070\/revisions\/5083"}],"wp:attachment":[{"href":"https:\/\/hopenmeteo.no\/index.php?rest_route=%2Fwp%2Fv2%2Fmedia&parent=5070"}],"wp:term":[{"taxonomy":"category","embeddable":true,"href":"https:\/\/hopenmeteo.no\/index.php?rest_route=%2Fwp%2Fv2%2Fcategories&post=5070"},{"taxonomy":"post_tag","embeddable":true,"href":"https:\/\/hopenmeteo.no\/index.php?rest_route=%2Fwp%2Fv2%2Ftags&post=5070"}],"curies":[{"name":"wp","href":"https:\/\/api.w.org\/{rel}","templated":true}]}}