{"id":6870,"date":"2021-02-02T09:36:53","date_gmt":"2021-02-02T08:36:53","guid":{"rendered":"http:\/\/hopenmeteo.no\/?p=6870"},"modified":"2021-02-02T10:10:13","modified_gmt":"2021-02-02T09:10:13","slug":"varme-tankar-fra-ishavsstasjon-til-ishavsstasjon","status":"publish","type":"post","link":"https:\/\/hopenmeteo.no\/?p=6870","title":{"rendered":"Varme tankar fr\u00e5 ishavsstasjon til ishavsstasjon."},"content":{"rendered":"\n<figure class=\"wp-block-image\"><img loading=\"lazy\" decoding=\"async\" width=\"600\" height=\"800\" src=\"https:\/\/hopenmeteo.no\/wp-content\/uploads\/2021\/02\/IMG_4051-1-600x800.jpg\" alt=\"\" class=\"wp-image-6871\" srcset=\"https:\/\/hopenmeteo.no\/wp-content\/uploads\/2021\/02\/IMG_4051-1-600x800.jpg 600w, https:\/\/hopenmeteo.no\/wp-content\/uploads\/2021\/02\/IMG_4051-1-225x300.jpg 225w, https:\/\/hopenmeteo.no\/wp-content\/uploads\/2021\/02\/IMG_4051-1-768x1024.jpg 768w\" sizes=\"auto, (max-width: 600px) 100vw, 600px\" \/><\/figure>\n\n\n\n<h2 class=\"wp-block-heading\"><\/h2>\n\n\n\n<p>Laurdag kom den triste meldinga om at det var g\u00e5tt eit sn\u00f8skred p\u00e5 Jan Mayen, og at 2 personar var forulykka i hendinga. Vi sender v\u00e5re tankar til v\u00e5re kollegaer der vest i havet og til dei p\u00e5r\u00f8rande. <\/p>\n\n\n\n<p>Etter ein slik episode som p\u00e5 Jan Mayen, blir ein p\u00e5minna om at p\u00e5 ishavet det b\u00e5de er langt til hjelp, og at det er langt til familie, vener og alt det trygge heime p\u00e5 fastlandet. Det gjere og at ein er ekstra s\u00e5rbar ved ei slik hending. Vi valgte difor og heidre v\u00e5re kollegaer med og flagge p\u00e5 halv stang denne s\u00f8ndagen. <\/p>\n\n\n\n<p><\/p>\n","protected":false},"excerpt":{"rendered":"<p>Laurdag kom den triste meldinga om at det var g\u00e5tt eit sn\u00f8skred p\u00e5 Jan Mayen, og at 2 personar var forulykka i hendinga. Vi sender v\u00e5re tankar til v\u00e5re kollegaer der vest i havet og til dei p\u00e5r\u00f8rande. Etter ein slik episode som p\u00e5 Jan Mayen, blir ein p\u00e5minna om at p\u00e5 ishavet det b\u00e5de er langt til hjelp, og at det er langt til familie, vener og alt det trygge heime p\u00e5 fastlandet. Det gjere og at ein er ekstra s\u00e5rbar ved ei slik hending. Vi valgte difor og heidre v\u00e5re kollegaer med og flagge p\u00e5 halv stang denne s\u00f8ndagen.<\/p>\n","protected":false},"author":39,"featured_media":0,"comment_status":"open","ping_status":"open","sticky":false,"template":"","format":"standard","meta":{"footnotes":""},"categories":[3],"tags":[],"class_list":["post-6870","post","type-post","status-publish","format-standard","hentry","category-nyheter-fra-hopen"],"_links":{"self":[{"href":"https:\/\/hopenmeteo.no\/index.php?rest_route=\/wp\/v2\/posts\/6870","targetHints":{"allow":["GET"]}}],"collection":[{"href":"https:\/\/hopenmeteo.no\/index.php?rest_route=\/wp\/v2\/posts"}],"about":[{"href":"https:\/\/hopenmeteo.no\/index.php?rest_route=\/wp\/v2\/types\/post"}],"author":[{"embeddable":true,"href":"https:\/\/hopenmeteo.no\/index.php?rest_route=\/wp\/v2\/users\/39"}],"replies":[{"embeddable":true,"href":"https:\/\/hopenmeteo.no\/index.php?rest_route=%2Fwp%2Fv2%2Fcomments&post=6870"}],"version-history":[{"count":2,"href":"https:\/\/hopenmeteo.no\/index.php?rest_route=\/wp\/v2\/posts\/6870\/revisions"}],"predecessor-version":[{"id":6873,"href":"https:\/\/hopenmeteo.no\/index.php?rest_route=\/wp\/v2\/posts\/6870\/revisions\/6873"}],"wp:attachment":[{"href":"https:\/\/hopenmeteo.no\/index.php?rest_route=%2Fwp%2Fv2%2Fmedia&parent=6870"}],"wp:term":[{"taxonomy":"category","embeddable":true,"href":"https:\/\/hopenmeteo.no\/index.php?rest_route=%2Fwp%2Fv2%2Fcategories&post=6870"},{"taxonomy":"post_tag","embeddable":true,"href":"https:\/\/hopenmeteo.no\/index.php?rest_route=%2Fwp%2Fv2%2Ftags&post=6870"}],"curies":[{"name":"wp","href":"https:\/\/api.w.org\/{rel}","templated":true}]}}