{"id":9161,"date":"2025-09-21T15:57:34","date_gmt":"2025-09-21T14:57:34","guid":{"rendered":"https:\/\/hopenmeteo.no\/?p=9161"},"modified":"2025-09-21T15:57:34","modified_gmt":"2025-09-21T14:57:34","slug":"veke-38","status":"publish","type":"post","link":"https:\/\/hopenmeteo.no\/?p=9161","title":{"rendered":"Veke 38"},"content":{"rendered":"\n<figure class=\"wp-block-image size-large\"><img loading=\"lazy\" decoding=\"async\" width=\"800\" height=\"600\" src=\"https:\/\/hopenmeteo.no\/wp-content\/uploads\/2025\/09\/P9190009-1758465822497-800x600.jpg\" alt=\"\" class=\"wp-image-9162\" srcset=\"https:\/\/hopenmeteo.no\/wp-content\/uploads\/2025\/09\/P9190009-1758465822497-800x600.jpg 800w, https:\/\/hopenmeteo.no\/wp-content\/uploads\/2025\/09\/P9190009-1758465822497-300x225.jpg 300w, https:\/\/hopenmeteo.no\/wp-content\/uploads\/2025\/09\/P9190009-1758465822497-768x576.jpg 768w, https:\/\/hopenmeteo.no\/wp-content\/uploads\/2025\/09\/P9190009-1758465822497-400x300.jpg 400w, https:\/\/hopenmeteo.no\/wp-content\/uploads\/2025\/09\/P9190009-1758465822497.jpg 1514w\" sizes=\"auto, (max-width: 800px) 100vw, 800px\" \/><figcaption class=\"wp-element-caption\">Reveungane leiker rundt oss. Dei trudde Svanhild \u00f2g ville v\u00e6re med p\u00e5 leiken, men ho syntes ikkje det var s\u00e5 g\u00f8y \u00e5 ha to-tre rever etter seg, s\u00e5 no har ho flytta til S\u00f8rhytta.<\/figcaption><\/figure>\n\n\n\n<figure class=\"wp-block-image size-large\"><img loading=\"lazy\" decoding=\"async\" width=\"800\" height=\"600\" src=\"https:\/\/hopenmeteo.no\/wp-content\/uploads\/2025\/09\/IMG_5707-800x600.jpg\" alt=\"\" class=\"wp-image-9163\" srcset=\"https:\/\/hopenmeteo.no\/wp-content\/uploads\/2025\/09\/IMG_5707-800x600.jpg 800w, https:\/\/hopenmeteo.no\/wp-content\/uploads\/2025\/09\/IMG_5707-300x225.jpg 300w, https:\/\/hopenmeteo.no\/wp-content\/uploads\/2025\/09\/IMG_5707-768x576.jpg 768w, https:\/\/hopenmeteo.no\/wp-content\/uploads\/2025\/09\/IMG_5707-1536x1152.jpg 1536w, https:\/\/hopenmeteo.no\/wp-content\/uploads\/2025\/09\/IMG_5707-2048x1536.jpg 2048w, https:\/\/hopenmeteo.no\/wp-content\/uploads\/2025\/09\/IMG_5707-400x300.jpg 400w\" sizes=\"auto, (max-width: 800px) 100vw, 800px\" \/><figcaption class=\"wp-element-caption\">Vi har hatt eit par dagar med fint v\u00ear no. Frost i bakken s\u00e5 da er det litt enklare \u00e5 g\u00e5 over dei blaute omr\u00e5dane. Ole-Martin har hatt ei natt p\u00e5 S\u00f8rhytta, Helge ei natt p\u00e5 Beisarstua og Jens Helge ei p\u00e5 Johshytta. Erland har nytta dei vindstille dagane til \u00e5 legge tak p\u00e5 Reserven.<\/figcaption><\/figure>\n","protected":false},"excerpt":{"rendered":"","protected":false},"author":12,"featured_media":0,"comment_status":"open","ping_status":"","sticky":false,"template":"","format":"standard","meta":{"footnotes":""},"categories":[3],"tags":[],"class_list":["post-9161","post","type-post","status-publish","format-standard","hentry","category-nyheter-fra-hopen"],"_links":{"self":[{"href":"https:\/\/hopenmeteo.no\/index.php?rest_route=\/wp\/v2\/posts\/9161","targetHints":{"allow":["GET"]}}],"collection":[{"href":"https:\/\/hopenmeteo.no\/index.php?rest_route=\/wp\/v2\/posts"}],"about":[{"href":"https:\/\/hopenmeteo.no\/index.php?rest_route=\/wp\/v2\/types\/post"}],"author":[{"embeddable":true,"href":"https:\/\/hopenmeteo.no\/index.php?rest_route=\/wp\/v2\/users\/12"}],"replies":[{"embeddable":true,"href":"https:\/\/hopenmeteo.no\/index.php?rest_route=%2Fwp%2Fv2%2Fcomments&post=9161"}],"version-history":[{"count":1,"href":"https:\/\/hopenmeteo.no\/index.php?rest_route=\/wp\/v2\/posts\/9161\/revisions"}],"predecessor-version":[{"id":9164,"href":"https:\/\/hopenmeteo.no\/index.php?rest_route=\/wp\/v2\/posts\/9161\/revisions\/9164"}],"wp:attachment":[{"href":"https:\/\/hopenmeteo.no\/index.php?rest_route=%2Fwp%2Fv2%2Fmedia&parent=9161"}],"wp:term":[{"taxonomy":"category","embeddable":true,"href":"https:\/\/hopenmeteo.no\/index.php?rest_route=%2Fwp%2Fv2%2Fcategories&post=9161"},{"taxonomy":"post_tag","embeddable":true,"href":"https:\/\/hopenmeteo.no\/index.php?rest_route=%2Fwp%2Fv2%2Ftags&post=9161"}],"curies":[{"name":"wp","href":"https:\/\/api.w.org\/{rel}","templated":true}]}}