{"id":9190,"date":"2025-11-02T14:48:32","date_gmt":"2025-11-02T13:48:32","guid":{"rendered":"https:\/\/hopenmeteo.no\/?p=9190"},"modified":"2025-11-02T14:50:12","modified_gmt":"2025-11-02T13:50:12","slug":"veke-44","status":"publish","type":"post","link":"https:\/\/hopenmeteo.no\/?p=9190","title":{"rendered":"Veke 44"},"content":{"rendered":"\n<figure class=\"wp-block-image size-large\"><img loading=\"lazy\" decoding=\"async\" width=\"800\" height=\"450\" src=\"https:\/\/hopenmeteo.no\/wp-content\/uploads\/2025\/11\/20251024_204011-800x450.jpg\" alt=\"\" class=\"wp-image-9191\" srcset=\"https:\/\/hopenmeteo.no\/wp-content\/uploads\/2025\/11\/20251024_204011-800x450.jpg 800w, https:\/\/hopenmeteo.no\/wp-content\/uploads\/2025\/11\/20251024_204011-300x169.jpg 300w, https:\/\/hopenmeteo.no\/wp-content\/uploads\/2025\/11\/20251024_204011-768x432.jpg 768w, https:\/\/hopenmeteo.no\/wp-content\/uploads\/2025\/11\/20251024_204011-1536x865.jpg 1536w, https:\/\/hopenmeteo.no\/wp-content\/uploads\/2025\/11\/20251024_204011-2048x1153.jpg 2048w, https:\/\/hopenmeteo.no\/wp-content\/uploads\/2025\/11\/20251024_204011-500x282.jpg 500w\" sizes=\"auto, (max-width: 800px) 100vw, 800px\" \/><figcaption class=\"wp-element-caption\">Ole-Martin og Arvid-Andr\u00e9 var p\u00e5 S\u00f8rhytta i fint nordlys. N\u00e5 har sola g\u00e5tt ned for siste gang i \u00e5r og det blir fort m\u00f8rkere. <\/figcaption><\/figure>\n\n\n\n<figure class=\"wp-block-image size-large\"><img loading=\"lazy\" decoding=\"async\" width=\"800\" height=\"533\" src=\"https:\/\/hopenmeteo.no\/wp-content\/uploads\/2025\/11\/SAM_1788-800x533.jpg\" alt=\"\" class=\"wp-image-9192\" srcset=\"https:\/\/hopenmeteo.no\/wp-content\/uploads\/2025\/11\/SAM_1788-800x533.jpg 800w, https:\/\/hopenmeteo.no\/wp-content\/uploads\/2025\/11\/SAM_1788-300x200.jpg 300w, https:\/\/hopenmeteo.no\/wp-content\/uploads\/2025\/11\/SAM_1788-768x512.jpg 768w, https:\/\/hopenmeteo.no\/wp-content\/uploads\/2025\/11\/SAM_1788-1536x1024.jpg 1536w, https:\/\/hopenmeteo.no\/wp-content\/uploads\/2025\/11\/SAM_1788-2048x1365.jpg 2048w, https:\/\/hopenmeteo.no\/wp-content\/uploads\/2025\/11\/SAM_1788-450x300.jpg 450w\" sizes=\"auto, (max-width: 800px) 100vw, 800px\" \/><figcaption class=\"wp-element-caption\">I f\u00f8lge tabellene har vi fortsatt alminnelig tussm\u00f8rke noen timer om dagen de neste to ukene. Bilde er tatt fra Iversenfjellet.<\/figcaption><\/figure>\n\n\n\n<p><\/p>\n","protected":false},"excerpt":{"rendered":"","protected":false},"author":12,"featured_media":0,"comment_status":"open","ping_status":"","sticky":false,"template":"","format":"standard","meta":{"footnotes":""},"categories":[3],"tags":[],"class_list":["post-9190","post","type-post","status-publish","format-standard","hentry","category-nyheter-fra-hopen"],"_links":{"self":[{"href":"https:\/\/hopenmeteo.no\/index.php?rest_route=\/wp\/v2\/posts\/9190","targetHints":{"allow":["GET"]}}],"collection":[{"href":"https:\/\/hopenmeteo.no\/index.php?rest_route=\/wp\/v2\/posts"}],"about":[{"href":"https:\/\/hopenmeteo.no\/index.php?rest_route=\/wp\/v2\/types\/post"}],"author":[{"embeddable":true,"href":"https:\/\/hopenmeteo.no\/index.php?rest_route=\/wp\/v2\/users\/12"}],"replies":[{"embeddable":true,"href":"https:\/\/hopenmeteo.no\/index.php?rest_route=%2Fwp%2Fv2%2Fcomments&post=9190"}],"version-history":[{"count":2,"href":"https:\/\/hopenmeteo.no\/index.php?rest_route=\/wp\/v2\/posts\/9190\/revisions"}],"predecessor-version":[{"id":9194,"href":"https:\/\/hopenmeteo.no\/index.php?rest_route=\/wp\/v2\/posts\/9190\/revisions\/9194"}],"wp:attachment":[{"href":"https:\/\/hopenmeteo.no\/index.php?rest_route=%2Fwp%2Fv2%2Fmedia&parent=9190"}],"wp:term":[{"taxonomy":"category","embeddable":true,"href":"https:\/\/hopenmeteo.no\/index.php?rest_route=%2Fwp%2Fv2%2Fcategories&post=9190"},{"taxonomy":"post_tag","embeddable":true,"href":"https:\/\/hopenmeteo.no\/index.php?rest_route=%2Fwp%2Fv2%2Ftags&post=9190"}],"curies":[{"name":"wp","href":"https:\/\/api.w.org\/{rel}","templated":true}]}}